{"id":145,"date":"2007-03-11T13:02:08","date_gmt":"2007-03-11T11:02:08","guid":{"rendered":"http:\/\/alldeles-underbart"},"modified":"2007-03-11T13:02:08","modified_gmt":"2007-03-11T11:02:08","slug":"alldeles-underbart","status":"publish","type":"post","link":"https:\/\/blog.skruttet.com\/?p=145","title":{"rendered":"Alldeles underbart!!!!"},"content":{"rendered":"<p><a href=\"http:\/\/bilder.bloggen.fi\/skruttet\/bl\u00e5ros.jpg\"><img src=\"http:\/\/bilder.bloggen.fi\/skruttet\/thumb_bl\u00e5ros.jpg\" align=\"right\" border=\"0\"><\/a><\/p>\n<div>Sitter och lyssnar p\u00e5: F\u00f6r att du finns. Underbart vacker l\u00e5t, jag k\u00e4nner i dag att den verkligen passar p\u00e5 min blogg \ud83d\ude42<\/div>\n<div>I dag var det tidig v\u00e4ckning, taket i \u00e4nglarummet skulle fixas&#8230;. Det \u00e4r nu gjort, h\u00e4r har det hammrats, stiftats och slutresultatet blev underbart&#8230;. Jag lovar er mina \u00e4nglar, alldeles underbart!!! Taket ser ut som moln och i molen ska det nu f\u00e4stas sj\u00e4lvlysande stj\u00e4rnor&#8230; Ska bli sp\u00e4nnande att se hur det blir n\u00e4r det blir helt f\u00e4rdigt! \ud83d\ude42<\/div>\n<div>&nbsp;<\/div>\n<div>Tackar dessa ljuvliga \u00e4nglar som har varit inblandade p\u00e5 olika s\u00e4tt och hj\u00e4lpt till med b\u00e5de utf\u00f6rande och planering!!! Det \u00e4r guld v\u00e4rt!!!!<\/div>\n<div>&nbsp;<\/div>\n<div>I \u00f6vrigt har det inte h\u00e4nt s\u00e5 mycket \u00e4n i dag. Men klockan \u00e4r ju inte s\u00e5 mycket \u00e4n. Har haft en b\u00e4ttre natt denna natt&#8230; Har f\u00e5tt ordentligt med s\u00f6mn och sm\u00e4rtan \u00e4r inte lika sv\u00e5r som i g\u00e5r *jublar*<\/div>\n<div>&nbsp;<\/div>\n<div>Jag \u00f6nskar er en bra dag&#8230;. Det t\u00e4nker jag f\u00f6rs\u00f6ka ha i allafall \ud83d\ude42<\/div>\n<div>&nbsp;<\/div>\n<div>Kramar!<\/div>\n","protected":false},"excerpt":{"rendered":"<p>Sitter och lyssnar p\u00e5: F\u00f6r att du finns. Underbart vacker l\u00e5t, jag k\u00e4nner i dag att den verkligen passar p\u00e5 min blogg \ud83d\ude42 I dag var det tidig v\u00e4ckning, taket i \u00e4nglarummet skulle fixas&#8230;. Det \u00e4r nu gjort, h\u00e4r har &hellip; <a href=\"https:\/\/blog.skruttet.com\/?p=145\">Forts\u00e4tt l\u00e4sa <span class=\"meta-nav\">&rarr;<\/span><\/a><\/p>\n","protected":false},"author":1,"featured_media":0,"comment_status":"open","ping_status":"open","sticky":false,"template":"","format":"standard","meta":[],"categories":[9],"tags":[],"_links":{"self":[{"href":"https:\/\/blog.skruttet.com\/index.php?rest_route=\/wp\/v2\/posts\/145"}],"collection":[{"href":"https:\/\/blog.skruttet.com\/index.php?rest_route=\/wp\/v2\/posts"}],"about":[{"href":"https:\/\/blog.skruttet.com\/index.php?rest_route=\/wp\/v2\/types\/post"}],"author":[{"embeddable":true,"href":"https:\/\/blog.skruttet.com\/index.php?rest_route=\/wp\/v2\/users\/1"}],"replies":[{"embeddable":true,"href":"https:\/\/blog.skruttet.com\/index.php?rest_route=%2Fwp%2Fv2%2Fcomments&post=145"}],"version-history":[{"count":0,"href":"https:\/\/blog.skruttet.com\/index.php?rest_route=\/wp\/v2\/posts\/145\/revisions"}],"wp:attachment":[{"href":"https:\/\/blog.skruttet.com\/index.php?rest_route=%2Fwp%2Fv2%2Fmedia&parent=145"}],"wp:term":[{"taxonomy":"category","embeddable":true,"href":"https:\/\/blog.skruttet.com\/index.php?rest_route=%2Fwp%2Fv2%2Fcategories&post=145"},{"taxonomy":"post_tag","embeddable":true,"href":"https:\/\/blog.skruttet.com\/index.php?rest_route=%2Fwp%2Fv2%2Ftags&post=145"}],"curies":[{"name":"wp","href":"https:\/\/api.w.org\/{rel}","templated":true}]}}