{"id":147,"date":"2007-03-14T09:11:16","date_gmt":"2007-03-14T07:11:16","guid":{"rendered":"http:\/\/promenaden-med-"},"modified":"2007-03-14T09:11:16","modified_gmt":"2007-03-14T07:11:16","slug":"promenaden-med-anglarna","status":"publish","type":"post","link":"https:\/\/blog.skruttet.com\/?p=147","title":{"rendered":"Promenaden med \u00e4nglarna&#8230;."},"content":{"rendered":"<p><a href=\"http:\/\/bilder.bloggen.fi\/skruttet\/v\u00e4g.jpg\"><img src=\"http:\/\/bilder.bloggen.fi\/skruttet\/thumb_v\u00e4g.jpg\" align=\"right\" border=\"0\"><\/a><\/p>\n<div>En morgon p\u00e5 er mina \u00e4nglar&#8230; Min morgon \u00e4r s\u00e5d\u00e4r halvgod&#8230;. Inte lika d\u00e5lig natts\u00f6mn i natt&#8230;Men den var inte tillr\u00e4cklig heller k\u00e4nner jag&#8230;. Men jag gl\u00e4djer mig \u00e5t det lilla&#8230;. Hmmm vad ska jag g\u00f6ra i dag d\u00e5? Ja, jag har p\u00e5 k\u00e4nn att det blir en hel del tid h\u00e4r p\u00e5 bloggen i dag. Bloggen har varit och \u00e4r en plats f\u00f6r mig att f\u00f6rbereda mig p\u00e5&#8230;. Efter\u00e5t kommer den att vara en plats f\u00f6r mig att l\u00e4ka&#8230; Skriva tankar, k\u00e4nslor och funderingar&#8230;.<\/div>\n<div>&nbsp;<\/div>\n<div>Nu&nbsp;ska jag g\u00e5 och laga frukost&#8230;.<\/div>\n<div>&nbsp;<\/div>\n<div>Men mina k\u00e4ra \u00e4nglar, bred ut era kritvita vingar och g\u00f6r er redo att komma med f\u00f6r nu b\u00f6rjar vandringen&#8230;. Jag hoppas att ni kommer att\/vill vara med mig och att ni l\u00e5ter mig veta vad ni t\u00e4nker (NU \u00e4r era kommentarer viktiga) de kommer att hj\u00e4lpa mig under dessa dagar!!! \ud83d\ude42<\/div>\n<div>&nbsp;<\/div>\n<div>S\u00e5 ta min hand min k\u00e4ra \u00e4nglav\u00e4n&#8230;. I morgon b\u00f6rjar promenaden till mitt nya liv, som finns d\u00e4r l\u00e4ngs v\u00e4gen&#8230; \ud83d\ude42<\/div>\n","protected":false},"excerpt":{"rendered":"<p>En morgon p\u00e5 er mina \u00e4nglar&#8230; Min morgon \u00e4r s\u00e5d\u00e4r halvgod&#8230;. Inte lika d\u00e5lig natts\u00f6mn i natt&#8230;Men den var inte tillr\u00e4cklig heller k\u00e4nner jag&#8230;. Men jag gl\u00e4djer mig \u00e5t det lilla&#8230;. Hmmm vad ska jag g\u00f6ra i dag d\u00e5? Ja, &hellip; <a href=\"https:\/\/blog.skruttet.com\/?p=147\">Forts\u00e4tt l\u00e4sa <span class=\"meta-nav\">&rarr;<\/span><\/a><\/p>\n","protected":false},"author":1,"featured_media":0,"comment_status":"open","ping_status":"open","sticky":false,"template":"","format":"standard","meta":[],"categories":[9,11],"tags":[],"_links":{"self":[{"href":"https:\/\/blog.skruttet.com\/index.php?rest_route=\/wp\/v2\/posts\/147"}],"collection":[{"href":"https:\/\/blog.skruttet.com\/index.php?rest_route=\/wp\/v2\/posts"}],"about":[{"href":"https:\/\/blog.skruttet.com\/index.php?rest_route=\/wp\/v2\/types\/post"}],"author":[{"embeddable":true,"href":"https:\/\/blog.skruttet.com\/index.php?rest_route=\/wp\/v2\/users\/1"}],"replies":[{"embeddable":true,"href":"https:\/\/blog.skruttet.com\/index.php?rest_route=%2Fwp%2Fv2%2Fcomments&post=147"}],"version-history":[{"count":0,"href":"https:\/\/blog.skruttet.com\/index.php?rest_route=\/wp\/v2\/posts\/147\/revisions"}],"wp:attachment":[{"href":"https:\/\/blog.skruttet.com\/index.php?rest_route=%2Fwp%2Fv2%2Fmedia&parent=147"}],"wp:term":[{"taxonomy":"category","embeddable":true,"href":"https:\/\/blog.skruttet.com\/index.php?rest_route=%2Fwp%2Fv2%2Fcategories&post=147"},{"taxonomy":"post_tag","embeddable":true,"href":"https:\/\/blog.skruttet.com\/index.php?rest_route=%2Fwp%2Fv2%2Ftags&post=147"}],"curies":[{"name":"wp","href":"https:\/\/api.w.org\/{rel}","templated":true}]}}