{"id":1485,"date":"2011-04-09T10:39:47","date_gmt":"2011-04-09T07:39:47","guid":{"rendered":"http:\/\/bloggen.fi\/skruttet\/?p=1485"},"modified":"2011-04-09T10:39:47","modified_gmt":"2011-04-09T07:39:47","slug":"naturliga-barn","status":"publish","type":"post","link":"https:\/\/blog.skruttet.com\/?p=1485","title":{"rendered":"Naturliga barn&#8230;"},"content":{"rendered":"<p><a href=\"http:\/\/www.skruttet.com\/blog\/wp-content\/uploads\/2011\/04\/smink.jpg\"><img loading=\"lazy\" src=\"http:\/\/www.skruttet.com\/blog\/wp-content\/uploads\/2011\/04\/smink.jpg\" alt=\"\" width=\"279\" height=\"181\" class=\"alignright size-full wp-image-1487\" \/><\/a>Hej hopp alla \u00c4nglar!<\/p>\n<p>En bra dag i dag! Det blev en tidig morgon i \u00c4nglag\u00e5rden. =)<br \/>\nTidiga mornar \u00e4r sk\u00f6nt ibland.<\/p>\n<p>Medan morgonkaffet dracks lyssnade jag p\u00e5 ett radioprogram, d\u00e4r man bland annat diskuterade:<br \/>\nN\u00e4r \u00e4r det OK att barn b\u00f6rjar sminka sig?<\/p>\n<p>Sj\u00e4lv tycker jag nog att man gott kan v\u00e4nta med vardaglig sminkning \u00e5tminstone till h\u00f6gstadiet. L\u00e4ttare sminkning vid fest ok n\u00e5got tidigare.<br \/>\nBarnen ska f\u00e5 vara barn och veta att deras &#8221;naturliga&#8221; utseende \u00e4r vackert och att de duger som de \u00e4r!<\/p>\n<p>Personligen b\u00f6rjade jag sminka mig lite f\u00f6rsiktig n\u00e4r jag gick i \u00e5ttan.<br \/>\nI dag anv\u00e4nder jag smink n\u00e4stan dagligen. \u00c4r \u00f6verf\u00f6rtjust i att experimentera med f\u00e4rger, nyanser och dofter!<\/p>\n<p>Vad tycker du? I vilken \u00e5lder kan man b\u00f6rja sminka sig?<\/p>\n<p>Ha en underbar l\u00f6rdag!<br \/>\n\u00c4nglakramar <\/p>\n","protected":false},"excerpt":{"rendered":"<p>Hej hopp alla \u00c4nglar! En bra dag i dag! Det blev en tidig morgon i \u00c4nglag\u00e5rden. =) Tidiga mornar \u00e4r sk\u00f6nt ibland. Medan morgonkaffet dracks lyssnade jag p\u00e5 ett radioprogram, d\u00e4r man bland annat diskuterade: N\u00e4r \u00e4r det OK att &hellip; <a href=\"https:\/\/blog.skruttet.com\/?p=1485\">Forts\u00e4tt l\u00e4sa <span class=\"meta-nav\">&rarr;<\/span><\/a><\/p>\n","protected":false},"author":1,"featured_media":0,"comment_status":"open","ping_status":"open","sticky":false,"template":"","format":"standard","meta":[],"categories":[16],"tags":[],"_links":{"self":[{"href":"https:\/\/blog.skruttet.com\/index.php?rest_route=\/wp\/v2\/posts\/1485"}],"collection":[{"href":"https:\/\/blog.skruttet.com\/index.php?rest_route=\/wp\/v2\/posts"}],"about":[{"href":"https:\/\/blog.skruttet.com\/index.php?rest_route=\/wp\/v2\/types\/post"}],"author":[{"embeddable":true,"href":"https:\/\/blog.skruttet.com\/index.php?rest_route=\/wp\/v2\/users\/1"}],"replies":[{"embeddable":true,"href":"https:\/\/blog.skruttet.com\/index.php?rest_route=%2Fwp%2Fv2%2Fcomments&post=1485"}],"version-history":[{"count":0,"href":"https:\/\/blog.skruttet.com\/index.php?rest_route=\/wp\/v2\/posts\/1485\/revisions"}],"wp:attachment":[{"href":"https:\/\/blog.skruttet.com\/index.php?rest_route=%2Fwp%2Fv2%2Fmedia&parent=1485"}],"wp:term":[{"taxonomy":"category","embeddable":true,"href":"https:\/\/blog.skruttet.com\/index.php?rest_route=%2Fwp%2Fv2%2Fcategories&post=1485"},{"taxonomy":"post_tag","embeddable":true,"href":"https:\/\/blog.skruttet.com\/index.php?rest_route=%2Fwp%2Fv2%2Ftags&post=1485"}],"curies":[{"name":"wp","href":"https:\/\/api.w.org\/{rel}","templated":true}]}}