{"id":1510,"date":"2011-04-26T15:21:44","date_gmt":"2011-04-26T12:21:44","guid":{"rendered":"http:\/\/bloggen.fi\/skruttet\/?p=1510"},"modified":"2011-04-26T15:21:44","modified_gmt":"2011-04-26T12:21:44","slug":"underbara-dagar","status":"publish","type":"post","link":"https:\/\/blog.skruttet.com\/?p=1510","title":{"rendered":"Underbara dagar!"},"content":{"rendered":"<p>Hej hopp!<\/p>\n<p>Allt gott h\u00e4r! Nu \u00e4r vi hemma i v\u00e5r \u00e4lskade \u00c4nglag\u00e5rd igen efter underbara dagar p\u00e5 en kortare \u00c4nglaresa.<br \/>\nVackert v\u00e4der, shopping, upplevelser och tid att vara tillsammans!<br \/>\nVi nj\u00f6t i vacker och lugn milj\u00f6 =)<a href=\"http:\/\/www.skruttet.com\/blog\/wp-content\/uploads\/2011\/04\/solnedgang1111.jpg\"><img loading=\"lazy\" src=\"http:\/\/www.skruttet.com\/blog\/wp-content\/uploads\/2011\/04\/solnedgang1111-300x199.jpg\" alt=\"\" width=\"300\" height=\"199\" class=\"alignright size-medium wp-image-1511\" srcset=\"https:\/\/blog.skruttet.com\/wp-content\/uploads\/2011\/04\/solnedgang1111-300x199.jpg 300w, https:\/\/blog.skruttet.com\/wp-content\/uploads\/2011\/04\/solnedgang1111-450x300.jpg 450w, https:\/\/blog.skruttet.com\/wp-content\/uploads\/2011\/04\/solnedgang1111.jpg 500w\" sizes=\"(max-width: 300px) 100vw, 300px\" \/><\/a><\/p>\n<p>(Bilden \u00e4r googlad)<\/p>\n<p>Vill tipsa om n\u00e5got som passar s\u00e5v\u00e4l som g\u00e5va och samlarobjekt.<br \/>\nUnder resans g\u00e5ng &#8221;r\u00e5kade&#8221; jag f\u00e5 syn p\u00e5 orden &#8221;F\u00f6r samlare och sakletare&#8221;&#8230;.<br \/>\nJag \u00e4r b\u00e5de och!! Det m\u00e5ste ju bara betyda en sak: Att jag ska b\u00f6rja samla p\u00e5 dessa <a href='http:\/\/www.rorstrand.se\/index.php\/produkter\/muggar\/pippi-och-emil\/'>Emil &amp; Pippi muggar<\/a><\/p>\n<p>Jepp s\u00e5 f\u00e5r det bli =)<\/p>\n<p>Ha en fortsatt underbar tisdag!<br \/>\n\u00c4nglakramar!!<\/p>\n","protected":false},"excerpt":{"rendered":"<p>Hej hopp! Allt gott h\u00e4r! Nu \u00e4r vi hemma i v\u00e5r \u00e4lskade \u00c4nglag\u00e5rd igen efter underbara dagar p\u00e5 en kortare \u00c4nglaresa. Vackert v\u00e4der, shopping, upplevelser och tid att vara tillsammans! Vi nj\u00f6t i vacker och lugn milj\u00f6 =) (Bilden \u00e4r &hellip; <a href=\"https:\/\/blog.skruttet.com\/?p=1510\">Forts\u00e4tt l\u00e4sa <span class=\"meta-nav\">&rarr;<\/span><\/a><\/p>\n","protected":false},"author":1,"featured_media":0,"comment_status":"open","ping_status":"open","sticky":false,"template":"","format":"standard","meta":[],"categories":[12,16],"tags":[],"_links":{"self":[{"href":"https:\/\/blog.skruttet.com\/index.php?rest_route=\/wp\/v2\/posts\/1510"}],"collection":[{"href":"https:\/\/blog.skruttet.com\/index.php?rest_route=\/wp\/v2\/posts"}],"about":[{"href":"https:\/\/blog.skruttet.com\/index.php?rest_route=\/wp\/v2\/types\/post"}],"author":[{"embeddable":true,"href":"https:\/\/blog.skruttet.com\/index.php?rest_route=\/wp\/v2\/users\/1"}],"replies":[{"embeddable":true,"href":"https:\/\/blog.skruttet.com\/index.php?rest_route=%2Fwp%2Fv2%2Fcomments&post=1510"}],"version-history":[{"count":0,"href":"https:\/\/blog.skruttet.com\/index.php?rest_route=\/wp\/v2\/posts\/1510\/revisions"}],"wp:attachment":[{"href":"https:\/\/blog.skruttet.com\/index.php?rest_route=%2Fwp%2Fv2%2Fmedia&parent=1510"}],"wp:term":[{"taxonomy":"category","embeddable":true,"href":"https:\/\/blog.skruttet.com\/index.php?rest_route=%2Fwp%2Fv2%2Fcategories&post=1510"},{"taxonomy":"post_tag","embeddable":true,"href":"https:\/\/blog.skruttet.com\/index.php?rest_route=%2Fwp%2Fv2%2Ftags&post=1510"}],"curies":[{"name":"wp","href":"https:\/\/api.w.org\/{rel}","templated":true}]}}