{"id":1523,"date":"2011-05-02T11:26:21","date_gmt":"2011-05-02T08:26:21","guid":{"rendered":"http:\/\/bloggen.fi\/skruttet\/?p=1523"},"modified":"2011-05-02T11:26:21","modified_gmt":"2011-05-02T08:26:21","slug":"att-leva-nu-och-har","status":"publish","type":"post","link":"https:\/\/blog.skruttet.com\/?p=1523","title":{"rendered":"Att leva nu och h\u00e4r!"},"content":{"rendered":"<p>Hej hopp alla \u00c4nglar!<\/p>\n<p>H\u00e4r sitter jag&#8230;. Fingrarna glider \u00f6ver tangenterna, likt en dans bildar bokst\u00e4verna ord.<br \/>\nEtt leende ligger p\u00e5 mina l\u00e4ppar, jag \u00e4r lycklig \u00f6ver att kunna f\u00f6rmedla ord och skriva \u00e4ven under ljusa stunder.<\/p>\n<p>Att \u00f6ppet, fr\u00e5n hj\u00e4rtat skriva om lyckan, om tankar och k\u00e4nslor kring den process som Den lilla handens resa inneb\u00e4r, om den innerliga ibland rivande l\u00e4ngtan tillbaka till mitt ursprung.<br \/>\nEn plats som jag fortfarande kallar mitt hem. Det kommer jag nog alltid att g\u00f6ra!<br \/>\nP\u00e5 senaste tiden har jag ocks\u00e5 insett att flytten till den nya staden har gjort gott. Mycket gott!<br \/>\nJag har vuxit som person, har insett att mina tunga stunder har st\u00e4rkt mig. <\/p>\n<p>Och en sak har jag sannerligen l\u00e4rt mig under dessa \u00e5r: <a href=\"http:\/\/www.skruttet.com\/blog\/wp-content\/uploads\/2011\/05\/bm.jpg\"><img loading=\"lazy\" src=\"http:\/\/www.skruttet.com\/blog\/wp-content\/uploads\/2011\/05\/bm-257x300.jpg\" alt=\"\" width=\"257\" height=\"300\" class=\"alignright size-medium wp-image-1524\" srcset=\"https:\/\/blog.skruttet.com\/wp-content\/uploads\/2011\/05\/bm-257x300.jpg 257w, https:\/\/blog.skruttet.com\/wp-content\/uploads\/2011\/05\/bm.jpg 300w\" sizes=\"(max-width: 257px) 100vw, 257px\" \/><\/a><br \/>\nAtt njuta av det lilla och att ta sig tid att sitta ner med en v\u00e4n och uppskatta stunden som s\u00e5dan. Att leva NU och h\u00e4r!<br \/>\nAtt stanna upp och andas. Att f\u00f6lja hj\u00e4rtat och sin egen vilja. Och att inte bara sitta och v\u00e4nta p\u00e5 att saker ska ske eller V\u00c4NTA och se!<br \/>\nI st\u00e4llet fr\u00e5gar jag om det \u00e4r n\u00e5got jag undrar eller kollar upp en g\u00e5ng extra f\u00f6r att det inte bara ska l\u00e4mnas till sen&#8230;. Detta speciellt inom v\u00e5rden!<br \/>\nJag kan s\u00e4kert upplevas som tjatig m\u00e5nga g\u00e5nger&#8230;. Men&#8230; Vet ni vad&#8230;. Det bjuder jag is\u00e5fall p\u00e5 =)<\/p>\n<p>Ha en fin m\u00e5ndag!<br \/>\n\u00c4nglakramar!<\/p>\n","protected":false},"excerpt":{"rendered":"<p>Hej hopp alla \u00c4nglar! H\u00e4r sitter jag&#8230;. Fingrarna glider \u00f6ver tangenterna, likt en dans bildar bokst\u00e4verna ord. Ett leende ligger p\u00e5 mina l\u00e4ppar, jag \u00e4r lycklig \u00f6ver att kunna f\u00f6rmedla ord och skriva \u00e4ven under ljusa stunder. Att \u00f6ppet, fr\u00e5n &hellip; <a href=\"https:\/\/blog.skruttet.com\/?p=1523\">Forts\u00e4tt l\u00e4sa <span class=\"meta-nav\">&rarr;<\/span><\/a><\/p>\n","protected":false},"author":1,"featured_media":0,"comment_status":"open","ping_status":"open","sticky":false,"template":"","format":"standard","meta":[],"categories":[10,11,14,16],"tags":[],"_links":{"self":[{"href":"https:\/\/blog.skruttet.com\/index.php?rest_route=\/wp\/v2\/posts\/1523"}],"collection":[{"href":"https:\/\/blog.skruttet.com\/index.php?rest_route=\/wp\/v2\/posts"}],"about":[{"href":"https:\/\/blog.skruttet.com\/index.php?rest_route=\/wp\/v2\/types\/post"}],"author":[{"embeddable":true,"href":"https:\/\/blog.skruttet.com\/index.php?rest_route=\/wp\/v2\/users\/1"}],"replies":[{"embeddable":true,"href":"https:\/\/blog.skruttet.com\/index.php?rest_route=%2Fwp%2Fv2%2Fcomments&post=1523"}],"version-history":[{"count":0,"href":"https:\/\/blog.skruttet.com\/index.php?rest_route=\/wp\/v2\/posts\/1523\/revisions"}],"wp:attachment":[{"href":"https:\/\/blog.skruttet.com\/index.php?rest_route=%2Fwp%2Fv2%2Fmedia&parent=1523"}],"wp:term":[{"taxonomy":"category","embeddable":true,"href":"https:\/\/blog.skruttet.com\/index.php?rest_route=%2Fwp%2Fv2%2Fcategories&post=1523"},{"taxonomy":"post_tag","embeddable":true,"href":"https:\/\/blog.skruttet.com\/index.php?rest_route=%2Fwp%2Fv2%2Ftags&post=1523"}],"curies":[{"name":"wp","href":"https:\/\/api.w.org\/{rel}","templated":true}]}}