{"id":1568,"date":"2011-05-04T00:18:13","date_gmt":"2011-05-03T21:18:13","guid":{"rendered":"http:\/\/bloggen.fi\/skruttet\/?p=1568"},"modified":"2011-05-04T00:18:13","modified_gmt":"2011-05-03T21:18:13","slug":"nagra-dagar-i-ensamhet","status":"publish","type":"post","link":"https:\/\/blog.skruttet.com\/?p=1568","title":{"rendered":"N\u00e5gra dagar i ensamhet"},"content":{"rendered":"<p>Godkv\u00e4ll alla \u00c4nglar!<\/p>\n<p>Sitter i min lilla skrivarh\u00f6rna, ur datorns h\u00f6gtalare str\u00f6mmar stillsam musik. Jag njuter och k\u00e4nner mig v\u00e4ldigt tillfreds med tillvaron f\u00f6r tillf\u00e4llet.<br \/>\nEnsam i \u00c4nglag\u00e5rden \u00e4r jag n\u00e5gra dagar fram\u00f6ver. Eller helt ensam \u00e4r jag inte&#8230; Nej, har gott s\u00e4llskap av tv\u00e5 kelsjuka fyrbenta varelser =)<br \/>\nOch s\u00e5 l\u00e4nge de f\u00e5r till\u00e5telse att b\u00f6ka ner sig i s\u00e4ngt\u00e4cket n\u00e4r det \u00e4r dags att sova s\u00e5 \u00e4r de b\u00e5da n\u00f6jda =)<br \/>\nD\u00e5 tar det inte l\u00e4nge innan ett h\u00f6gt och ljudligt spinnande h\u00f6rs.<\/p>\n<p>Ni som f\u00f6ljt mig vet att jag tidigare inte tyckt om ensamheten. Att ensamheten n\u00e4stintill skr\u00e4mde mig.<br \/>\nS\u00e5 \u00e4r det inte l\u00e4ngre, nu tycker jag att det \u00e4r viktigt med tid i ensamhet, jag tar vara p\u00e5 de ensamma stunderna v\u00e4l. Alla on\u00f6diga m\u00e5sten skippas. D\u00e5 spenderas tiden ofta p\u00e5 kaffestunder eller som i kv\u00e4ll p\u00e5 bloggen. Jag skriver ofta under ensamma stunder. <\/p>\n<p>Givetvis saknar jag min djupt \u00e4lskade \u00c4nglamake! Massor!! Jag saknar de inneh\u00e5llsrika diskussionerna vid middagsbordet vid dagens slut. REDAN!!!<br \/>\nF\u00f6rm\u00e5gan och viljan att kommunicera \u00e4r styrkan i v\u00e5rt \u00e4ktenskap. Det m\u00e4rker vi speciellt nu under Adoptionsprocessen! Vi \u00e4r m\u00e5na om att funderingar och fr\u00e5gor ska f\u00e5 sina svar, att inga t\u00e5rar l\u00e4mnas ogr\u00e5tna, att tillsammans ta tid f\u00f6r och prioritera tv\u00e5samhet, att skratta och att f\u00e5 varandra att v\u00e4xa och d\u00e4rigenom finna kraft att orka vidare med allt vad det inneb\u00e4r.<\/p>\n<p>Nu \u00e4r det tid f\u00f6r s\u00e4ngen! Godnatt!<br \/>\n\u00c4nglakramar!<\/p>\n","protected":false},"excerpt":{"rendered":"<p>Godkv\u00e4ll alla \u00c4nglar! Sitter i min lilla skrivarh\u00f6rna, ur datorns h\u00f6gtalare str\u00f6mmar stillsam musik. Jag njuter och k\u00e4nner mig v\u00e4ldigt tillfreds med tillvaron f\u00f6r tillf\u00e4llet. Ensam i \u00c4nglag\u00e5rden \u00e4r jag n\u00e5gra dagar fram\u00f6ver. Eller helt ensam \u00e4r jag inte&#8230; Nej, &hellip; <a href=\"https:\/\/blog.skruttet.com\/?p=1568\">Forts\u00e4tt l\u00e4sa <span class=\"meta-nav\">&rarr;<\/span><\/a><\/p>\n","protected":false},"author":1,"featured_media":0,"comment_status":"open","ping_status":"open","sticky":false,"template":"","format":"standard","meta":[],"categories":[3,14,16],"tags":[],"_links":{"self":[{"href":"https:\/\/blog.skruttet.com\/index.php?rest_route=\/wp\/v2\/posts\/1568"}],"collection":[{"href":"https:\/\/blog.skruttet.com\/index.php?rest_route=\/wp\/v2\/posts"}],"about":[{"href":"https:\/\/blog.skruttet.com\/index.php?rest_route=\/wp\/v2\/types\/post"}],"author":[{"embeddable":true,"href":"https:\/\/blog.skruttet.com\/index.php?rest_route=\/wp\/v2\/users\/1"}],"replies":[{"embeddable":true,"href":"https:\/\/blog.skruttet.com\/index.php?rest_route=%2Fwp%2Fv2%2Fcomments&post=1568"}],"version-history":[{"count":0,"href":"https:\/\/blog.skruttet.com\/index.php?rest_route=\/wp\/v2\/posts\/1568\/revisions"}],"wp:attachment":[{"href":"https:\/\/blog.skruttet.com\/index.php?rest_route=%2Fwp%2Fv2%2Fmedia&parent=1568"}],"wp:term":[{"taxonomy":"category","embeddable":true,"href":"https:\/\/blog.skruttet.com\/index.php?rest_route=%2Fwp%2Fv2%2Fcategories&post=1568"},{"taxonomy":"post_tag","embeddable":true,"href":"https:\/\/blog.skruttet.com\/index.php?rest_route=%2Fwp%2Fv2%2Ftags&post=1568"}],"curies":[{"name":"wp","href":"https:\/\/api.w.org\/{rel}","templated":true}]}}