{"id":1599,"date":"2011-05-20T10:46:26","date_gmt":"2011-05-20T07:46:26","guid":{"rendered":"http:\/\/bloggen.fi\/skruttet\/?p=1599"},"modified":"2011-05-20T10:46:26","modified_gmt":"2011-05-20T07:46:26","slug":"just-for-the-record","status":"publish","type":"post","link":"https:\/\/blog.skruttet.com\/?p=1599","title":{"rendered":"Just for the record =)"},"content":{"rendered":"<p>Sol i dag, str\u00e5lande sol =)<\/p>\n<p>Det \u00e4r fredag, sk\u00f6nt! Fantastiskt sk\u00f6nt! Vi har inga speciella planer f\u00f6r helgen. Om v\u00e4dret h\u00e5ller i sig s\u00e5 fixar vi s\u00e4kert lite p\u00e5 g\u00e5rden.<br \/>\nBuskarna och tr\u00e4den som vi planterade i h\u00f6stas tycks har \u00f6verlevt vintern och de flesta b\u00f6rjar ta sig riktigt bra.<br \/>\nDet ska bli riktigt roligt att se hur allt ser ut sedan, om n\u00e5gra \u00e5r, n\u00e4r allt &#8221;blivit vuxet&#8221;.<\/p>\n<p>Kanske plockas b\u00e4r fr\u00e5n egen planterade buskar. Kanske sk\u00f6rdas gr\u00f6nsaker fr\u00e5n det lilla k\u00f6kslandet&#8230;.<br \/>\nKanske sitter v\u00e5ra fyrbenta v\u00e4nner och njuter av solen medan de spanar ut \u00f6ver &#8221;sina&#8221; \u00e4gor&#8230;<br \/>\n<a href=\"http:\/\/www.skruttet.com\/blog\/wp-content\/uploads\/2011\/05\/Flower11111.jpg\"><img loading=\"lazy\" src=\"http:\/\/www.skruttet.com\/blog\/wp-content\/uploads\/2011\/05\/Flower11111-300x201.jpg\" alt=\"\" width=\"300\" height=\"201\" class=\"alignright size-medium wp-image-1601\" srcset=\"https:\/\/blog.skruttet.com\/wp-content\/uploads\/2011\/05\/Flower11111-300x201.jpg 300w, https:\/\/blog.skruttet.com\/wp-content\/uploads\/2011\/05\/Flower11111-447x300.jpg 447w, https:\/\/blog.skruttet.com\/wp-content\/uploads\/2011\/05\/Flower11111.jpg 500w\" sizes=\"(max-width: 300px) 100vw, 300px\" \/><\/a><br \/>\nUnderbart roligt \u00e4r det att fundera \u00f6ver vad man vill &#8230;. Att ha en str\u00e4van, en dr\u00f6m, Att ha en tro p\u00e5 sig sj\u00e4lv och inte l\u00e5ta sig begr\u00e4nsas av hur saker &#8221;vanligtvis&#8221; g\u00f6rs&#8230;. Och att sedan stolt se och k\u00e4nna att en dr\u00f6m blir verklighet! AHHH, s\u00e4ger jag bara!!<br \/>\nAtt utmana och \u00f6vertr\u00e4ffa sig sj\u00e4lv&#8230;.<br \/>\nDet \u00e4r obetalbart =)<br \/>\nMen det viktigaste av allt \u00e4r nog att leva och njuta av det som \u00e4r just NU. Just h\u00e4r!!<\/p>\n<p>Jag \u00f6nskar er en dag full av solsken och positiva h\u00e4ndelser =)<br \/>\n\u00c4nglakram!!<\/p>\n","protected":false},"excerpt":{"rendered":"<p>Sol i dag, str\u00e5lande sol =) Det \u00e4r fredag, sk\u00f6nt! Fantastiskt sk\u00f6nt! Vi har inga speciella planer f\u00f6r helgen. Om v\u00e4dret h\u00e5ller i sig s\u00e5 fixar vi s\u00e4kert lite p\u00e5 g\u00e5rden. Buskarna och tr\u00e4den som vi planterade i h\u00f6stas tycks &hellip; <a href=\"https:\/\/blog.skruttet.com\/?p=1599\">Forts\u00e4tt l\u00e4sa <span class=\"meta-nav\">&rarr;<\/span><\/a><\/p>\n","protected":false},"author":1,"featured_media":0,"comment_status":"open","ping_status":"open","sticky":false,"template":"","format":"standard","meta":[],"categories":[10,16],"tags":[],"_links":{"self":[{"href":"https:\/\/blog.skruttet.com\/index.php?rest_route=\/wp\/v2\/posts\/1599"}],"collection":[{"href":"https:\/\/blog.skruttet.com\/index.php?rest_route=\/wp\/v2\/posts"}],"about":[{"href":"https:\/\/blog.skruttet.com\/index.php?rest_route=\/wp\/v2\/types\/post"}],"author":[{"embeddable":true,"href":"https:\/\/blog.skruttet.com\/index.php?rest_route=\/wp\/v2\/users\/1"}],"replies":[{"embeddable":true,"href":"https:\/\/blog.skruttet.com\/index.php?rest_route=%2Fwp%2Fv2%2Fcomments&post=1599"}],"version-history":[{"count":0,"href":"https:\/\/blog.skruttet.com\/index.php?rest_route=\/wp\/v2\/posts\/1599\/revisions"}],"wp:attachment":[{"href":"https:\/\/blog.skruttet.com\/index.php?rest_route=%2Fwp%2Fv2%2Fmedia&parent=1599"}],"wp:term":[{"taxonomy":"category","embeddable":true,"href":"https:\/\/blog.skruttet.com\/index.php?rest_route=%2Fwp%2Fv2%2Fcategories&post=1599"},{"taxonomy":"post_tag","embeddable":true,"href":"https:\/\/blog.skruttet.com\/index.php?rest_route=%2Fwp%2Fv2%2Ftags&post=1599"}],"curies":[{"name":"wp","href":"https:\/\/api.w.org\/{rel}","templated":true}]}}