{"id":1610,"date":"2011-05-23T10:34:51","date_gmt":"2011-05-23T07:34:51","guid":{"rendered":"http:\/\/bloggen.fi\/skruttet\/?p=1610"},"modified":"2011-05-23T10:34:51","modified_gmt":"2011-05-23T07:34:51","slug":"spar-av-svunna-tider","status":"publish","type":"post","link":"https:\/\/blog.skruttet.com\/?p=1610","title":{"rendered":"Sp\u00e5r av svunna tider&#8230;."},"content":{"rendered":"<p>Hej hall\u00e5!<br \/>\nBl\u00e5sigt ute i dag, molnen ligger t\u00e4tt p\u00e5 himlen. Men d\u00e5 och d\u00e5 letar sig en solstr\u00e5le fram genom molnt\u00e4cket. Det \u00e4r lugnt.<br \/>\nMorgonens trafik till arbetet har lagt sig&#8230; P\u00e5 avst\u00e5nd h\u00f6rs en arbetande maskin som f\u00f6rbereder eller f\u00e4rdigst\u00e4ller n\u00e5got.<br \/>\nN\u00e5gonstans sitter en katt och v\u00e4ntar p\u00e5 att bli insl\u00e4ppt efter nattens \u00e4ventyr.<\/p>\n<p>I en stol bakom mig ligger en av v\u00e5ra fyrbenta v\u00e4nner och sover. Andetagen \u00e4r djupa, ibland h\u00f6rs sm\u00e5 snarkningar =)<a href=\"http:\/\/www.skruttet.com\/blog\/wp-content\/uploads\/2011\/05\/footprints11.jpg\"><img loading=\"lazy\" src=\"http:\/\/www.skruttet.com\/blog\/wp-content\/uploads\/2011\/05\/footprints11-195x300.jpg\" alt=\"\" width=\"195\" height=\"300\" class=\"alignright size-medium wp-image-1611\" srcset=\"https:\/\/blog.skruttet.com\/wp-content\/uploads\/2011\/05\/footprints11-195x300.jpg 195w, https:\/\/blog.skruttet.com\/wp-content\/uploads\/2011\/05\/footprints11-667x1024.jpg 667w, https:\/\/blog.skruttet.com\/wp-content\/uploads\/2011\/05\/footprints11.jpg 800w\" sizes=\"(max-width: 195px) 100vw, 195px\" \/><\/a><br \/>\nMusiken str\u00f6mmar ut ur h\u00f6gtalarna. Vackra toner! Endel av dem p\u00e5minner om svunna tider, andra f\u00e5r mig att t\u00e4nka p\u00e5 maken och den oerh\u00f6rda k\u00e4rleken k\u00e4nns djupt inne i hj\u00e4rtat =)<\/p>\n<p>L\u00e5tarna avl\u00f6ser varandra. Det kommer en l\u00e5t som f\u00e5r mig att t\u00e4nka p\u00e5 mitt ursprung, p\u00e5 min fina familj och v\u00e4nnerna. Jag saknar dem mycket! I hj\u00e4rtat finns de, alltid lika n\u00e4ra! Och bara n\u00e5gra signaler bort kan jag h\u00f6ra om senaste tidens h\u00e4delser och dela fina stunder tillsammans med dessa underbara \u00c4nglar! Men det \u00e4r klart, att se dem&#8230;. Att kunna ta dem i hand och att kunna krama dem och k\u00e4nna n\u00e4rheten av dem \u00e4ven fysiskt. Och att veta att jag stannar i mitt ursprung s\u00e5pass l\u00e4nge att jag, utan att stressa, hinner umg\u00e5s och njuta av tiden med v\u00e4nner men ocks\u00e5 ensam. Det betyder s\u00e5 mycket! Jag beh\u00f6ver ha den m\u00f6jligheten f\u00f6r att m\u00e5 bra!<\/p>\n<p>Flytten till den nya staden har \u00e4ven det gett mycket. Det har jag skrivit om tidigare. Sakta men s\u00e4kert visar jag, om \u00e4n i vissa fall n\u00e5got blygt, vem jag \u00e4r. Men det finns de som k\u00e4nner mig v\u00e4l, mycket v\u00e4l. Fina \u00c4nglam\u00f6ten som ger mig meningsfulla insikter. M\u00f6ten som f\u00e5r mig att v\u00e4xa och utvecklas s\u00e5 v\u00e4l socialt som k\u00e4nslom\u00e4ssigt.<br \/>\nOch numera, efter en tid i den nya staden, kan jag nog s\u00e4ga att jag \u00e4r stolt \u00f6ver mig sj\u00e4lv f\u00f6r att jag tog steget bort fr\u00e5n det som var bekant, tryggt och invant.<\/p>\n<p>Med en vilja att f\u00f6r\u00e4ndra, en portion mod och en stabil egen grund att st\u00e5 p\u00e5 g\u00e5r det mesta&#8230;.. I bland m\u00e5ste det f\u00e5 bl\u00e5sa f\u00f6rst&#8230; Ibland m\u00e5ste den stabila grunden mjukna&#8230; Jag b\u00e4r med mig det som \u00e4r l\u00e4rorikt och l\u00e4mnar det som \u00e4r mindre l\u00e4rorikt d\u00e4rh\u00e4n. Och i hj\u00e4rtat finns det genuina&#8230; D\u00e4r finns k\u00e4rleken&#8230;. D\u00e4r finns gl\u00e4djen&#8230;. D\u00e4r finns livet!<\/p>\n<p>Ha en underbar dag,<br \/>\n\u00c4nglakramar!<\/p>\n","protected":false},"excerpt":{"rendered":"<p>Hej hall\u00e5! Bl\u00e5sigt ute i dag, molnen ligger t\u00e4tt p\u00e5 himlen. Men d\u00e5 och d\u00e5 letar sig en solstr\u00e5le fram genom molnt\u00e4cket. Det \u00e4r lugnt. Morgonens trafik till arbetet har lagt sig&#8230; P\u00e5 avst\u00e5nd h\u00f6rs en arbetande maskin som f\u00f6rbereder &hellip; <a href=\"https:\/\/blog.skruttet.com\/?p=1610\">Forts\u00e4tt l\u00e4sa <span class=\"meta-nav\">&rarr;<\/span><\/a><\/p>\n","protected":false},"author":1,"featured_media":0,"comment_status":"open","ping_status":"open","sticky":false,"template":"","format":"standard","meta":[],"categories":[14,16],"tags":[],"_links":{"self":[{"href":"https:\/\/blog.skruttet.com\/index.php?rest_route=\/wp\/v2\/posts\/1610"}],"collection":[{"href":"https:\/\/blog.skruttet.com\/index.php?rest_route=\/wp\/v2\/posts"}],"about":[{"href":"https:\/\/blog.skruttet.com\/index.php?rest_route=\/wp\/v2\/types\/post"}],"author":[{"embeddable":true,"href":"https:\/\/blog.skruttet.com\/index.php?rest_route=\/wp\/v2\/users\/1"}],"replies":[{"embeddable":true,"href":"https:\/\/blog.skruttet.com\/index.php?rest_route=%2Fwp%2Fv2%2Fcomments&post=1610"}],"version-history":[{"count":0,"href":"https:\/\/blog.skruttet.com\/index.php?rest_route=\/wp\/v2\/posts\/1610\/revisions"}],"wp:attachment":[{"href":"https:\/\/blog.skruttet.com\/index.php?rest_route=%2Fwp%2Fv2%2Fmedia&parent=1610"}],"wp:term":[{"taxonomy":"category","embeddable":true,"href":"https:\/\/blog.skruttet.com\/index.php?rest_route=%2Fwp%2Fv2%2Fcategories&post=1610"},{"taxonomy":"post_tag","embeddable":true,"href":"https:\/\/blog.skruttet.com\/index.php?rest_route=%2Fwp%2Fv2%2Ftags&post=1610"}],"curies":[{"name":"wp","href":"https:\/\/api.w.org\/{rel}","templated":true}]}}