{"id":1644,"date":"2011-08-12T10:40:28","date_gmt":"2011-08-12T07:40:28","guid":{"rendered":"http:\/\/bloggen.fi\/skruttet\/?p=1644"},"modified":"2011-08-12T10:40:28","modified_gmt":"2011-08-12T07:40:28","slug":"med-karlek-till-det-lilla-livet","status":"publish","type":"post","link":"https:\/\/blog.skruttet.com\/?p=1644","title":{"rendered":"Med k\u00e4rlek till det lilla livet"},"content":{"rendered":"<p>Godmorgon du vackra \u00c4ngel!<\/p>\n<p>Dagarna g\u00e5r och blir till veckor. Veckorna blir till m\u00e5nader. Vardagen l\u00f6per p\u00e5. Vi skapar, dr\u00f6mmer och lever i nuet. \u00a0Jag har mer l\u00e4ngtan tillbaka till mitt ursprung just nu, s\u00e5 som<a href=\"http:\/\/www.skruttet.com\/blog\/wp-content\/uploads\/2011\/08\/heart0003.jpg\"><img loading=\"lazy\" class=\"alignright size-medium wp-image-1646\" src=\"http:\/\/www.skruttet.com\/blog\/wp-content\/uploads\/2011\/08\/heart0003-300x295.jpg\" alt=\"\" width=\"300\" height=\"295\" srcset=\"https:\/\/blog.skruttet.com\/wp-content\/uploads\/2011\/08\/heart0003-300x295.jpg 300w, https:\/\/blog.skruttet.com\/wp-content\/uploads\/2011\/08\/heart0003-304x300.jpg 304w, https:\/\/blog.skruttet.com\/wp-content\/uploads\/2011\/08\/heart0003.jpg 500w\" sizes=\"(max-width: 300px) 100vw, 300px\" \/><\/a> det brukar vara n\u00e4r jag \u00e5terv\u00e4nder efter en tids vistelse d\u00e4r. It\u00b4s a fact.<\/p>\n<p>Tid &#8211; allt beh\u00f6ver sin tid. Att stanna upp, andas och l\u00e5ta allt komma i kapp. \u00a0Det \u00e4r ett s\u00e5dant skede nu. Vi har inga flera inplanerade tr\u00e4ffar f\u00f6r hemutredningen mer.\u00a0S\u00e5vida inga kompletteringar beh\u00f6ver g\u00f6ras \u00e4r den \u00e4r klar! Stannar upp&#8230;. T\u00e4nker&#8230;. Inser&#8230;<\/p>\n<p>Den grundliga hemutredningen \u00e4r klar! Yes!<\/p>\n<p>Det \u00e4r n\u00e4rmare 1 \u00e5r sedan m\u00e4nniskorna med det speciella uppdraget steg in i \u00c4nglag\u00e5rden f\u00f6r f\u00f6rsta g\u00e5ngen. \u00a0 Och det g\u00e5ngna \u00e5ret har nog givit massor. Det har nog funnits g\u00e5nger som jag har gr\u00e5tit och tyckt att det varit or\u00e4ttvist. Men tron och vetskapen om att vi har vad som kr\u00e4vs f\u00f6r ett gott f\u00f6r\u00e4ldraskap har alltid funnits! Den m\u00e5ste finnas!<\/p>\n<p>Tidvis k\u00e4nns det nog som om ingenting h\u00e4nder&#8230; Men i hj\u00e4rtat v\u00e4xer den lilla \u00c4ngel som vi kanske en dag f\u00e5r tr\u00e4ffa, \u00a0vi m\u00e5ste f\u00f6rberedas f\u00f6rst, inom en relativt snar framtid g\u00e5r vi en f\u00f6rberedelsekurs f\u00f6r blivande adoptivf\u00f6r\u00e4ldrar&#8230;. Vi m\u00e5ste v\u00e4nta&#8230; \u00a0Det kommer att dr\u00f6ja innan vi ses. Men k\u00e4rleken till det lilla livet i v\u00e5ra hj\u00e4rtat finns redan nu.<\/p>\n<p>V\u00e5rt lilla \u00c4nglahj\u00e4rta: Var du \u00e4n \u00e4r \u00c4lskar vi JUST dig!<\/p>\n<p>Ha en fin dag! \u00c4nglakramar!<\/p>\n<p>&nbsp;<\/p>\n","protected":false},"excerpt":{"rendered":"<p>Godmorgon du vackra \u00c4ngel! Dagarna g\u00e5r och blir till veckor. Veckorna blir till m\u00e5nader. Vardagen l\u00f6per p\u00e5. Vi skapar, dr\u00f6mmer och lever i nuet. \u00a0Jag har mer l\u00e4ngtan tillbaka till mitt ursprung just nu, s\u00e5 som det brukar vara n\u00e4r &hellip; <a href=\"https:\/\/blog.skruttet.com\/?p=1644\">Forts\u00e4tt l\u00e4sa <span class=\"meta-nav\">&rarr;<\/span><\/a><\/p>\n","protected":false},"author":1,"featured_media":0,"comment_status":"open","ping_status":"open","sticky":false,"template":"","format":"standard","meta":[],"categories":[3],"tags":[],"_links":{"self":[{"href":"https:\/\/blog.skruttet.com\/index.php?rest_route=\/wp\/v2\/posts\/1644"}],"collection":[{"href":"https:\/\/blog.skruttet.com\/index.php?rest_route=\/wp\/v2\/posts"}],"about":[{"href":"https:\/\/blog.skruttet.com\/index.php?rest_route=\/wp\/v2\/types\/post"}],"author":[{"embeddable":true,"href":"https:\/\/blog.skruttet.com\/index.php?rest_route=\/wp\/v2\/users\/1"}],"replies":[{"embeddable":true,"href":"https:\/\/blog.skruttet.com\/index.php?rest_route=%2Fwp%2Fv2%2Fcomments&post=1644"}],"version-history":[{"count":0,"href":"https:\/\/blog.skruttet.com\/index.php?rest_route=\/wp\/v2\/posts\/1644\/revisions"}],"wp:attachment":[{"href":"https:\/\/blog.skruttet.com\/index.php?rest_route=%2Fwp%2Fv2%2Fmedia&parent=1644"}],"wp:term":[{"taxonomy":"category","embeddable":true,"href":"https:\/\/blog.skruttet.com\/index.php?rest_route=%2Fwp%2Fv2%2Fcategories&post=1644"},{"taxonomy":"post_tag","embeddable":true,"href":"https:\/\/blog.skruttet.com\/index.php?rest_route=%2Fwp%2Fv2%2Ftags&post=1644"}],"curies":[{"name":"wp","href":"https:\/\/api.w.org\/{rel}","templated":true}]}}