{"id":1657,"date":"2011-09-01T10:43:04","date_gmt":"2011-09-01T07:43:04","guid":{"rendered":"http:\/\/bloggen.fi\/skruttet\/?p=1657"},"modified":"2011-09-01T10:43:04","modified_gmt":"2011-09-01T07:43:04","slug":"tankar-blev-till-dikt","status":"publish","type":"post","link":"https:\/\/blog.skruttet.com\/?p=1657","title":{"rendered":"Tankar som blev till dikt&#8230;"},"content":{"rendered":"<p>Det \u00e4r morgon&#8230; Alldeles f\u00f6r tidigt&#8230;. Hade g\u00e4rna sovit l\u00e4ngre!<\/p>\n<p>Svept det sk\u00f6na t\u00e4cket runt om mig och gosat ner ansiktet i kudden och l\u00e5tit kroppen vila. Men jag steg upp&#8230;. drog motvilligt p\u00e5 mig byxorna och hade den underbara vardagslyckan att finna pannan med nybryggt kaffe p\u00e5 k\u00f6ksbordet =)<\/p>\n<p>L\u00e4ngtan efter ett barn g\u00f6r sig p\u00e5mind&#8230;. Den svider&#8230;. Den g\u00f6r ont i bland&#8230; Den v\u00e4cker f\u00f6rhoppningar, gl\u00e4dje och lycka&#8230;<\/p>\n<p>&nbsp;<\/p>\n<p><strong>Vi k\u00e4nner dig inte \u00e4nnu..<\/strong><\/p>\n<p><em>\u00c4lskade barn var du \u00e4n \u00e4r,<br \/>\n<\/em><em>s\u00e5 vill jag att du h\u00f6r det h\u00e4r,<br \/>\n<\/em><em>jag vill att du ska veta att vi med dig i v\u00e5ra hj\u00e4rtan b\u00e4r.<\/em><\/p>\n<p><em>\u00c4lskade barn, vem \u00e4r du?<br \/>\n<\/em><em>jag \u00e4r s\u00e5 nyfiken ju,<br \/>\n<\/em><em>Vill veta nu!<\/em><\/p>\n<p><em>Det kommer att dr\u00f6ja en tid \u00e4nnu,<br \/>\n<\/em><em>jag kan inte s\u00e4ga n\u00e4r eller ens om vi ses nu,<br \/>\n<\/em><em>det f\u00e5r framtiden utvisa f\u00f6rst\u00e5r du.<\/em><\/p>\n<p><em>Men vad som \u00e4n h\u00e4nder\u2026.<br \/>\n<\/em><em>Vill jag att du ska veta:<br \/>\n<\/em><em>Att vi v\u00e4ntar\u2026<br \/>\n<\/em><em>Att vi l\u00e4ngtar\u2026<\/em><\/p>\n<p><em>Och att:<br \/>\n<\/em><em>Vi \u00e4skar dig f\u00f6r att du \u00e4r\u00a0 just du!<\/em><\/p>\n<p>(Skruttet 1.9.11)<\/p>\n<p>&nbsp;<\/p>\n","protected":false},"excerpt":{"rendered":"<p>Det \u00e4r morgon&#8230; Alldeles f\u00f6r tidigt&#8230;. Hade g\u00e4rna sovit l\u00e4ngre! Svept det sk\u00f6na t\u00e4cket runt om mig och gosat ner ansiktet i kudden och l\u00e5tit kroppen vila. Men jag steg upp&#8230;. drog motvilligt p\u00e5 mig byxorna och hade den underbara &hellip; <a href=\"https:\/\/blog.skruttet.com\/?p=1657\">Forts\u00e4tt l\u00e4sa <span class=\"meta-nav\">&rarr;<\/span><\/a><\/p>\n","protected":false},"author":1,"featured_media":0,"comment_status":"open","ping_status":"open","sticky":false,"template":"","format":"standard","meta":[],"categories":[3,1,14],"tags":[],"_links":{"self":[{"href":"https:\/\/blog.skruttet.com\/index.php?rest_route=\/wp\/v2\/posts\/1657"}],"collection":[{"href":"https:\/\/blog.skruttet.com\/index.php?rest_route=\/wp\/v2\/posts"}],"about":[{"href":"https:\/\/blog.skruttet.com\/index.php?rest_route=\/wp\/v2\/types\/post"}],"author":[{"embeddable":true,"href":"https:\/\/blog.skruttet.com\/index.php?rest_route=\/wp\/v2\/users\/1"}],"replies":[{"embeddable":true,"href":"https:\/\/blog.skruttet.com\/index.php?rest_route=%2Fwp%2Fv2%2Fcomments&post=1657"}],"version-history":[{"count":0,"href":"https:\/\/blog.skruttet.com\/index.php?rest_route=\/wp\/v2\/posts\/1657\/revisions"}],"wp:attachment":[{"href":"https:\/\/blog.skruttet.com\/index.php?rest_route=%2Fwp%2Fv2%2Fmedia&parent=1657"}],"wp:term":[{"taxonomy":"category","embeddable":true,"href":"https:\/\/blog.skruttet.com\/index.php?rest_route=%2Fwp%2Fv2%2Fcategories&post=1657"},{"taxonomy":"post_tag","embeddable":true,"href":"https:\/\/blog.skruttet.com\/index.php?rest_route=%2Fwp%2Fv2%2Ftags&post=1657"}],"curies":[{"name":"wp","href":"https:\/\/api.w.org\/{rel}","templated":true}]}}