{"id":1702,"date":"2011-09-12T12:35:01","date_gmt":"2011-09-12T09:35:01","guid":{"rendered":"http:\/\/bloggen.fi\/skruttet\/?p=1702"},"modified":"2011-09-12T12:35:01","modified_gmt":"2011-09-12T09:35:01","slug":"en-blivande-adoptivmorsas-tankar","status":"publish","type":"post","link":"https:\/\/blog.skruttet.com\/?p=1702","title":{"rendered":"En blivande adoptivmorsas tankar&#8230;"},"content":{"rendered":"<p>Det regnar. Kalendern visar en m\u00e5ndag. Vi har redan hunnit en bit in i september. En bokad tid fanns att passa. Men telefonen ringde f\u00f6r en stund sedan och en v\u00e4nlig r\u00f6st meddelade att tiden m\u00e5ste avbokas pga sjukdom. Fick ny tid och vi sa: Passar bra, Hej!<\/p>\n<p>En helg har passerat. En helg som nog i framtiden kommer visa sig vara en av de mest<a href=\"http:\/\/www.skruttet.com\/blog\/wp-content\/uploads\/2011\/09\/heart0003.jpg\"><img loading=\"lazy\" class=\"alignright size-medium wp-image-1703\" src=\"http:\/\/www.skruttet.com\/blog\/wp-content\/uploads\/2011\/09\/heart0003-300x295.jpg\" alt=\"\" width=\"300\" height=\"295\" srcset=\"https:\/\/blog.skruttet.com\/wp-content\/uploads\/2011\/09\/heart0003-300x295.jpg 300w, https:\/\/blog.skruttet.com\/wp-content\/uploads\/2011\/09\/heart0003-304x300.jpg 304w, https:\/\/blog.skruttet.com\/wp-content\/uploads\/2011\/09\/heart0003.jpg 500w\" sizes=\"(max-width: 300px) 100vw, 300px\" \/><\/a> betydelsefulla och givande helger i livet. S\u00e5 mycket positivt, s\u00e5 mycket tips, r\u00e5d och reflektioner. Fantastiska m\u00e4nniskor med faschinerande ber\u00e4ttelser. Alla med en djup gemensam \u00f6nskan: Att bli f\u00f6r\u00e4lder!<\/p>\n<p>En annorlunda k\u00e4nsla finns i hj\u00e4rtat och i maggropen p\u00e5 mig efter helgen. En k\u00e4nsla av att NU \u00e4r vi faktiskt \u00e4ntligen gravida, \u00a0vi ska bli f\u00f6r\u00e4ldrar! \u00a0Testet har visat + .<br \/>\n\u00c4n f\u00e5r jag och \u00e4lskade maken ge oss till t\u00e5ls och v\u00e4nta och v\u00e4ntan handlar inte om m\u00e5nader, utan om \u00e5r!<br \/>\nH\u00f6gst troligt \u00a0f\u00e5r vi \u00e4nnu svara p\u00e5 n\u00e5got klumpiga men v\u00e4lmenade fr\u00e5gor och kommentarer. Och s\u00e4kert kommer det att finnas de som tror att det \u00e4r OK att fr\u00e5ga vad som helst. Att vi \u00e4r f\u00f6r allas besk\u00e5dan, likt en allm\u00e4n anslagstavla.\u00a0Men vi h\u00e5ller ut, vi v\u00e4ntar, l\u00e4ngtar och i hj\u00e4rtat v\u00e4xer det lilla livet. V\u00e5r \u00e4lskade lilla \u00c4ngel.<\/p>\n<p><em> <\/em><\/p>\n<p><em> <\/em><\/p>\n<p>&nbsp;<\/p>\n<p><em>&#8221;Det var en g\u00e5ng tv\u00e5 kvinnor<\/em><br \/>\n<em>deras v\u00e4rld var ej den samma<\/em><br \/>\n<em>Den ena kan du inte minnas <\/em><br \/>\n<em>den andra kallar du din mamma<\/em><\/p>\n<p><em>Tv\u00e5 skilda liv<\/em><br \/>\n<em>skapade f\u00f6r att ge dig ett<\/em><br \/>\n<em>Den ena blev din stj\u00e4rna<\/em><br \/>\n<em>den andra blev din sol<\/em><\/p>\n<p><em>Den f\u00f6rsta gav dig liv<\/em><br \/>\n<em>den andra l\u00e4rde dig att leva det<\/em><br \/>\n<em>Den ena gav dig k\u00e4rlekst\u00f6rst<\/em><br \/>\n<em>den andra fanns att sl\u00e4cka den<\/em><\/p>\n<p><em>Den ena gav dig en nationalitet<\/em><br \/>\n<em>den andra ett namn<\/em><br \/>\n<em>Den ena gav dig fr\u00f6et av talang<\/em><br \/>\n<em>den andra gav dig ett m\u00e5l<\/em><\/p>\n<p><em>En gav dig k\u00e4nslor<\/em><br \/>\n<em>den andra smekte bort din r\u00e4dsla<\/em><br \/>\n<em>Den ena s\u00e5g ditt f\u00f6rsta ljuva leende<\/em><br \/>\n<em>den andra torkade din t\u00e5r<\/em><\/p>\n<p><em>Den ena gav dig bort<\/em><br \/>\n<em>hon hade inget val<\/em><br \/>\n<em>Den andras \u00f6nskan var ett barn<\/em><br \/>\n<em>och Gud ledde henne till ditt hj\u00e4rtas sal<\/em><\/p>\n<p><em>Och genom t\u00e5rar du mig fr\u00e5gar<\/em><br \/>\n<em>vad gjorde dig till den du \u00e4r:<\/em><br \/>\n<em>Arvet eller milj\u00f6n?<\/em><br \/>\n<em>Ingetdera, min \u00e4lskling, ingetdera <\/em><br \/>\n<em>Du \u00e4r du tack vare tv\u00e5 sorters k\u00e4rlek<\/em><br \/>\n<em>och du \u00e4r svaret p\u00e5 tv\u00e5 kvinnors b\u00f6n&#8221;<\/em><\/p>\n<p><em> <\/em><\/p>\n<p><em>(F\u00f6rfattare: ok\u00e4nd) <\/em><\/p>\n<p>&nbsp;<\/p>\n","protected":false},"excerpt":{"rendered":"<p>Det regnar. Kalendern visar en m\u00e5ndag. Vi har redan hunnit en bit in i september. En bokad tid fanns att passa. Men telefonen ringde f\u00f6r en stund sedan och en v\u00e4nlig r\u00f6st meddelade att tiden m\u00e5ste avbokas pga sjukdom. Fick &hellip; <a href=\"https:\/\/blog.skruttet.com\/?p=1702\">Forts\u00e4tt l\u00e4sa <span class=\"meta-nav\">&rarr;<\/span><\/a><\/p>\n","protected":false},"author":1,"featured_media":0,"comment_status":"open","ping_status":"open","sticky":false,"template":"","format":"standard","meta":[],"categories":[3,10,14,16],"tags":[],"_links":{"self":[{"href":"https:\/\/blog.skruttet.com\/index.php?rest_route=\/wp\/v2\/posts\/1702"}],"collection":[{"href":"https:\/\/blog.skruttet.com\/index.php?rest_route=\/wp\/v2\/posts"}],"about":[{"href":"https:\/\/blog.skruttet.com\/index.php?rest_route=\/wp\/v2\/types\/post"}],"author":[{"embeddable":true,"href":"https:\/\/blog.skruttet.com\/index.php?rest_route=\/wp\/v2\/users\/1"}],"replies":[{"embeddable":true,"href":"https:\/\/blog.skruttet.com\/index.php?rest_route=%2Fwp%2Fv2%2Fcomments&post=1702"}],"version-history":[{"count":0,"href":"https:\/\/blog.skruttet.com\/index.php?rest_route=\/wp\/v2\/posts\/1702\/revisions"}],"wp:attachment":[{"href":"https:\/\/blog.skruttet.com\/index.php?rest_route=%2Fwp%2Fv2%2Fmedia&parent=1702"}],"wp:term":[{"taxonomy":"category","embeddable":true,"href":"https:\/\/blog.skruttet.com\/index.php?rest_route=%2Fwp%2Fv2%2Fcategories&post=1702"},{"taxonomy":"post_tag","embeddable":true,"href":"https:\/\/blog.skruttet.com\/index.php?rest_route=%2Fwp%2Fv2%2Ftags&post=1702"}],"curies":[{"name":"wp","href":"https:\/\/api.w.org\/{rel}","templated":true}]}}