{"id":1722,"date":"2011-09-15T22:38:29","date_gmt":"2011-09-15T19:38:29","guid":{"rendered":"http:\/\/bloggen.fi\/skruttet\/?p=1722"},"modified":"2011-09-15T22:38:29","modified_gmt":"2011-09-15T19:38:29","slug":"passionen-vaxer","status":"publish","type":"post","link":"https:\/\/blog.skruttet.com\/?p=1722","title":{"rendered":"Passionen v\u00e4xer&#8230;."},"content":{"rendered":"<p><a href=\"http:\/\/www.skruttet.com\/blog\/wp-content\/uploads\/2011\/09\/Words___mynet.jpg\"><img loading=\"lazy\" class=\"alignright size-medium wp-image-1724\" src=\"http:\/\/www.skruttet.com\/blog\/wp-content\/uploads\/2011\/09\/Words___mynet-223x300.jpg\" alt=\"\" width=\"223\" height=\"300\" srcset=\"https:\/\/blog.skruttet.com\/wp-content\/uploads\/2011\/09\/Words___mynet-223x300.jpg 223w, https:\/\/blog.skruttet.com\/wp-content\/uploads\/2011\/09\/Words___mynet.jpg 364w\" sizes=\"(max-width: 223px) 100vw, 223px\" \/><\/a>En riktigt fin dag har det varit idag, det regniga v\u00e4dret till trots. Och nog har det ju funnits saker jag irriterat mig p\u00e5. Men \u00f6verlag en fin dag! Jag har inte s\u00e5 mycket att g\u00f6ra p\u00e5 dagarna egentligen. Dagen flyter p\u00e5 och allt k\u00e4nns s\u00e5d\u00e4r sk\u00f6nt &#8211; behagligt.<\/p>\n<p>Om det blir tr\u00e5kigt? Njae, jag skulle inte s\u00e4ga det. F\u00e5r nog tiden att g\u00e5. Och kanske det \u00e4r meningen att det ska vara s\u00e5h\u00e4r just nu? Jag vantrivs ju inte och har s\u00e5 mycket tankar; b\u00e5de viktiga och mindre viktiga som vill bli till ord. S\u00e5 d\u00e5 l\u00e4gger jag tid p\u00e5 att skriva, att spotta ut orden p\u00e5 ett blankt papper, bolla och skapa&#8230; Leka, l\u00e4ra, v\u00e4xa och njuta!!<\/p>\n<p>Till synes \u00e4r det som om jag inte s\u00e5 mycket g\u00f6r, men nog g\u00f6r jag&#8230; Det \u00e4r bara det att det jag fysiskt g\u00f6r inte g\u00e5r s\u00e5 fort och vad g\u00f6r v\u00e4l det??? F\u00f6r varje dag som g\u00e5r v\u00e4xer passionen f\u00f6r ordleken och f\u00f6r varje dag som g\u00e5r v\u00e4xer mina f\u00e4rdigheter och f\u00f6rm\u00e5gor, sakta men s\u00e4kert st\u00e4rks sj\u00e4lvf\u00f6rtroendet och jag kan f\u00f6rhoppningsvis vara ett bevis p\u00e5 att det g\u00e5r och leva ett bra liv. Trots begr\u00e4nsningar. Jag tror faktiskt att man sj\u00e4lv till stor del skapar sina begr\u00e4nsningar. Att allt handlar om inst\u00e4llning! Om livssyn!<\/p>\n<p>Tror du sj\u00e4lv att du kan &#8211; d\u00e5 \u00e4r sannolikheten stor att du kan!<br \/>\nMen det g\u00e4ller f\u00f6rst att inse och erk\u00e4nna, att man begr\u00e4nsar sig sj\u00e4lv.<br \/>\nDet har jag insett och erk\u00e4nt f\u00f6r mig sj\u00e4lv i dag.<br \/>\nVilken aha upplevelse, vilken l\u00e4ttnad, vilken seger!!<\/p>\n<p>\u00c4nglakramar!!<\/p>\n","protected":false},"excerpt":{"rendered":"<p>En riktigt fin dag har det varit idag, det regniga v\u00e4dret till trots. Och nog har det ju funnits saker jag irriterat mig p\u00e5. Men \u00f6verlag en fin dag! Jag har inte s\u00e5 mycket att g\u00f6ra p\u00e5 dagarna egentligen. Dagen &hellip; <a href=\"https:\/\/blog.skruttet.com\/?p=1722\">Forts\u00e4tt l\u00e4sa <span class=\"meta-nav\">&rarr;<\/span><\/a><\/p>\n","protected":false},"author":1,"featured_media":0,"comment_status":"open","ping_status":"open","sticky":false,"template":"","format":"standard","meta":[],"categories":[14,16],"tags":[],"_links":{"self":[{"href":"https:\/\/blog.skruttet.com\/index.php?rest_route=\/wp\/v2\/posts\/1722"}],"collection":[{"href":"https:\/\/blog.skruttet.com\/index.php?rest_route=\/wp\/v2\/posts"}],"about":[{"href":"https:\/\/blog.skruttet.com\/index.php?rest_route=\/wp\/v2\/types\/post"}],"author":[{"embeddable":true,"href":"https:\/\/blog.skruttet.com\/index.php?rest_route=\/wp\/v2\/users\/1"}],"replies":[{"embeddable":true,"href":"https:\/\/blog.skruttet.com\/index.php?rest_route=%2Fwp%2Fv2%2Fcomments&post=1722"}],"version-history":[{"count":0,"href":"https:\/\/blog.skruttet.com\/index.php?rest_route=\/wp\/v2\/posts\/1722\/revisions"}],"wp:attachment":[{"href":"https:\/\/blog.skruttet.com\/index.php?rest_route=%2Fwp%2Fv2%2Fmedia&parent=1722"}],"wp:term":[{"taxonomy":"category","embeddable":true,"href":"https:\/\/blog.skruttet.com\/index.php?rest_route=%2Fwp%2Fv2%2Fcategories&post=1722"},{"taxonomy":"post_tag","embeddable":true,"href":"https:\/\/blog.skruttet.com\/index.php?rest_route=%2Fwp%2Fv2%2Ftags&post=1722"}],"curies":[{"name":"wp","href":"https:\/\/api.w.org\/{rel}","templated":true}]}}