{"id":1727,"date":"2011-09-16T13:53:05","date_gmt":"2011-09-16T10:53:05","guid":{"rendered":"http:\/\/bloggen.fi\/skruttet\/?p=1727"},"modified":"2011-09-16T13:53:05","modified_gmt":"2011-09-16T10:53:05","slug":"en-speciell-liten-filur","status":"publish","type":"post","link":"https:\/\/blog.skruttet.com\/?p=1727","title":{"rendered":"En speciell liten filur&#8230;"},"content":{"rendered":"<p>Sl\u00e4ppte in en av v\u00e5ra lurviga fyrbenta v\u00e4nner f\u00f6r en stund sedan. Mindes d\u00e5 hur det var n\u00e4r den vackra varelsen kom till oss.<br \/>\nDen lilla filuren kom till oss \u00a0en dag under den kalla vintern. Genom omplacering.<br \/>\nLiten, mager och mycket r\u00e4dd! Men med ett stort behov att n\u00e4rhet, trygghet och k\u00e4rlek.<a href=\"http:\/\/www.skruttet.com\/blog\/wp-content\/uploads\/2011\/09\/fet-katt_155425281.jpg\"><img loading=\"lazy\" class=\"alignright size-medium wp-image-1731\" src=\"http:\/\/www.skruttet.com\/blog\/wp-content\/uploads\/2011\/09\/fet-katt_155425281-300x285.jpg\" alt=\"\" width=\"300\" height=\"285\" srcset=\"https:\/\/blog.skruttet.com\/wp-content\/uploads\/2011\/09\/fet-katt_155425281-300x285.jpg 300w, https:\/\/blog.skruttet.com\/wp-content\/uploads\/2011\/09\/fet-katt_155425281-315x300.jpg 315w, https:\/\/blog.skruttet.com\/wp-content\/uploads\/2011\/09\/fet-katt_155425281.jpg 320w\" sizes=\"(max-width: 300px) 100vw, 300px\" \/><\/a><\/p>\n<p>F\u00f6rsta dygnet var det tryggheten l\u00e5ngt under ett sk\u00e5p i v\u00e5rt hj\u00e4lpk\u00f6k som g\u00e4llde. Skakande av r\u00e4dsla. Undantaget var att snabbt \u00e4ta och dricka. F\u00f6r att en stund senare spy upp det.\u00a0Under stillhet och tystnad l\u00e5g vi p\u00e5 golvet med h\u00e4nderna utstr\u00e4ckta&#8230;. Vi l\u00e5g d\u00e4r i timmar&#8230; Med l\u00e5ngsamma r\u00f6relser n\u00e4rmade vi oss, avvaktande k\u00e4ndes en nos p\u00e5 handen..<\/p>\n<p>Dagarna gick, filuren gjorde sig bekant med sin nya tillvaro &#8211; l\u00e4rde k\u00e4nna oss och f\u00f6rstod sakta men s\u00e4kert att jag beh\u00f6ver inte kasta i mig maten. Det finns mat s\u00e5 det r\u00e4cker!<br \/>\nMinsta lilla pl\u00f6tsliga ljud skr\u00e4mde och hastigt bar det i v\u00e4g till tryggheten under sk\u00e5pet igen och vi fick b\u00f6rja om&#8230;. Men f\u00f6r varje g\u00e5ng gick det b\u00e4ttre. Och snart fick vi tv\u00e4tta bort den hemska stanken som fanns i det lilla livets p\u00e4ls.<\/p>\n<p>N\u00e4rhet och trygghet har varit avg\u00f6rande! Vi har v\u00e4nligt men best\u00e4mt satt gr\u00e4nser f\u00f6r vad som \u00e4r ok. Annars slickar filuren oss i ansiktet hela tiden. \u00a0N\u00c4RA ska det vara! Att sova i s\u00e4ngen med oss \u00e4r ok &#8211; men i fot\u00e4ndan eller vid l\u00e5ret.<\/p>\n<p>Visst finns det g\u00e5nger n\u00e4r den lurviga filuren f\u00e5r komma N\u00c4RA, det kurras, trampas och man k\u00e4nner verkligen tacksamheten \u00f6ver att ha den lilla varelsen hos oss, \u00e4ven om det kr\u00e4vde mycket i b\u00f6rjan. Men tid \u00e4r n\u00e5got som vi alla har lika mycket av.<\/p>\n<p>Bakgrundsm\u00e4ssigt vet vi ingenting egentligen:<br \/>\nHittad, f\u00f6rd och d\u00e4rifr\u00e5n till oss. Vi vet inget om \u00e5lder eller andra saker. Men vi vet att syn, h\u00f6rsel och allm\u00e4ntillst\u00e5nd \u00e4r gott nu efter lite medicinering och p\u00e4lsv\u00e5rd. \u00d6ppna kartonger \u00e4r mycket intressanta och sedan dag ett har det funnits ett, i det n\u00e4rmaste tv\u00e5ngsm\u00e4ssigt beteende att g\u00e5 in i dem, oavsett p\u00e5 vilken h\u00f6jd l\u00e5dan finns. \u00a0Det finns ocks\u00e5 tillf\u00e4llen som det lurviga livet sitter och stirrar rakt fram f\u00f6r att sedan pl\u00f6tsligt verkligen bli r\u00e4dd utan att n\u00e5gon till synes gjort n\u00e5got. S\u00e5 n\u00e5gon typ av trauma finns, men vi f\u00e5r aldrig veta VAD som h\u00e4nt.<\/p>\n<p>Jag \u00e4r i vilket fall som helst oerh\u00f6rt glad f\u00f6r att vi fick och hade m\u00f6jlighet att ta emot denna speciella och vackra lilla filur&#8230; En filur som har v\u00e4xt till sig och anpassat sig riktigt bra, kanske n\u00e4stan f\u00f6r bra \ud83d\ude09<\/p>\n<p>\u00c4nglakramar!!<\/p>\n","protected":false},"excerpt":{"rendered":"<p>Sl\u00e4ppte in en av v\u00e5ra lurviga fyrbenta v\u00e4nner f\u00f6r en stund sedan. Mindes d\u00e5 hur det var n\u00e4r den vackra varelsen kom till oss. Den lilla filuren kom till oss \u00a0en dag under den kalla vintern. Genom omplacering. Liten, mager &hellip; <a href=\"https:\/\/blog.skruttet.com\/?p=1727\">Forts\u00e4tt l\u00e4sa <span class=\"meta-nav\">&rarr;<\/span><\/a><\/p>\n","protected":false},"author":1,"featured_media":0,"comment_status":"open","ping_status":"open","sticky":false,"template":"","format":"standard","meta":[],"categories":[9,16],"tags":[],"_links":{"self":[{"href":"https:\/\/blog.skruttet.com\/index.php?rest_route=\/wp\/v2\/posts\/1727"}],"collection":[{"href":"https:\/\/blog.skruttet.com\/index.php?rest_route=\/wp\/v2\/posts"}],"about":[{"href":"https:\/\/blog.skruttet.com\/index.php?rest_route=\/wp\/v2\/types\/post"}],"author":[{"embeddable":true,"href":"https:\/\/blog.skruttet.com\/index.php?rest_route=\/wp\/v2\/users\/1"}],"replies":[{"embeddable":true,"href":"https:\/\/blog.skruttet.com\/index.php?rest_route=%2Fwp%2Fv2%2Fcomments&post=1727"}],"version-history":[{"count":0,"href":"https:\/\/blog.skruttet.com\/index.php?rest_route=\/wp\/v2\/posts\/1727\/revisions"}],"wp:attachment":[{"href":"https:\/\/blog.skruttet.com\/index.php?rest_route=%2Fwp%2Fv2%2Fmedia&parent=1727"}],"wp:term":[{"taxonomy":"category","embeddable":true,"href":"https:\/\/blog.skruttet.com\/index.php?rest_route=%2Fwp%2Fv2%2Fcategories&post=1727"},{"taxonomy":"post_tag","embeddable":true,"href":"https:\/\/blog.skruttet.com\/index.php?rest_route=%2Fwp%2Fv2%2Ftags&post=1727"}],"curies":[{"name":"wp","href":"https:\/\/api.w.org\/{rel}","templated":true}]}}