{"id":1735,"date":"2011-09-18T17:41:00","date_gmt":"2011-09-18T14:41:00","guid":{"rendered":"http:\/\/bloggen.fi\/skruttet\/?p=1735"},"modified":"2011-09-18T17:41:00","modified_gmt":"2011-09-18T14:41:00","slug":"alla-fortjanar-ett-gott-liv","status":"publish","type":"post","link":"https:\/\/blog.skruttet.com\/?p=1735","title":{"rendered":"Alla f\u00f6rtj\u00e4nar ett gott liv."},"content":{"rendered":"<p><a href=\"http:\/\/www.skruttet.com\/blog\/wp-content\/uploads\/2011\/09\/sunny-yellow-flower.jpg\"><img loading=\"lazy\" class=\"alignright size-medium wp-image-1739\" src=\"http:\/\/www.skruttet.com\/blog\/wp-content\/uploads\/2011\/09\/sunny-yellow-flower-300x225.jpg\" alt=\"\" width=\"300\" height=\"225\" srcset=\"https:\/\/blog.skruttet.com\/wp-content\/uploads\/2011\/09\/sunny-yellow-flower-300x225.jpg 300w, https:\/\/blog.skruttet.com\/wp-content\/uploads\/2011\/09\/sunny-yellow-flower-400x300.jpg 400w, https:\/\/blog.skruttet.com\/wp-content\/uploads\/2011\/09\/sunny-yellow-flower.jpg 1024w\" sizes=\"(max-width: 300px) 100vw, 300px\" \/><\/a>En sk\u00f6n s\u00f6ndag har det hittills varit h\u00e4r i \u00c4nglag\u00e5rden.<br \/>\nHar rensat och sk\u00f6rdat lite i den upph\u00f6jda lilla k\u00f6kstr\u00e4dg\u00e5rden.<br \/>\nTog upp de sista som blivit n\u00e5got och samtidigt som jag drog in doften av f\u00e4rsk morot blandad med fuktig mylla, k\u00e4nde jag hur solen v\u00e4rmde min kind.<br \/>\nNj\u00f6t och k\u00e4nde hur bra jag m\u00e5r .<\/p>\n<p>\u00c4ntligen har kroppen vant sig med den nya behandlingen och sm\u00e4rtan h\u00e5lls p\u00e5 acceptabel niv\u00e5. Inga v\u00e4rktabletter beh\u00f6vs. \u00a0Jag \u00e4r glad \u00f6ver att jag l\u00e4rt mig hur den sm\u00e4rtande draken lever. Den finns alltid d\u00e4r &#8211; latent. Det m\u00e5ste man acceptera! F\u00f6r s\u00e5 kommer det alltid att vara. Oavsett vad. Har slutat hoppas och \u00f6nska att det kommer att bli p\u00e5 n\u00e5got annat s\u00e4tt. Och d\u00e5 blev det mycket l\u00e4ttare att hitta v\u00e4gar att hantera Endon p\u00e5.<\/p>\n<p>Jag har ber\u00f6rt det f\u00f6rut, men:<br \/>\nI dagens samh\u00e4lle f\u00f6rv\u00e4ntas man vara s\u00e5 duktig. Man ska \u00e5stadkomma s\u00e5 mycket, hinna med. Man stressar runt, allt ska vara s\u00e5 perfekt. Man pressar sig sj\u00e4lv med en massa borden och m\u00e5sten. Hur l\u00e4nge orkar man leva s\u00e5 undrar jag???<\/p>\n<p>M\u00e5ste man g\u00f6ra s\u00e5 mycket? Ha s\u00e5 mycket aktiviteter? S\u00e5 storslagen karri\u00e4r?<br \/>\nMan v\u00e4ljer sj\u00e4lv sitt s\u00e4tt att leva. Och inget s\u00e4tt \u00e4r bra eller d\u00e5ligt.<\/p>\n<p>Jag v\u00e4ljer att leva mitt liv utan on\u00f6digt m\u00e5nga m\u00e5sten, &#8221;softar&#8221; ofta. Och jag har defintivt ingen storslagen karri\u00e4r &#8211; utan en ganska grundl\u00e4ggande utbildning som jag trivs med. Det finns familj och \u00a0en handfull helt fantastiska v\u00e4nner som k\u00e4nner mig v\u00e4l. Jag tr\u00e4ffar dem inte ofta &#8211; fysiskt sett. Men i hj\u00e4rtat finns de &#8211; b\u00e5de familjen och v\u00e4nnerna.<br \/>\nVarje dag &#8211; Var jag \u00e4n \u00e4r!<\/p>\n<p>Livet med endon fick mig att se livet ur andra \u00f6gon. Med nya s\u00e4tt att t\u00e4nka, prioritera och v\u00e4rdera och med facit i hand \u00e4r jag glad f\u00f6r allt gott som kommit. Men d\u00e5 kr\u00e4vs det att man v\u00e5gar sl\u00e5 p\u00e5 n\u00f6dbromsen och s\u00e4ga:<br \/>\nSTOPP, det \u00e4r ett liv det handlar om!\u00a0Det \u00e4r mitt liv!<br \/>\nMan ska inte beh\u00f6va k\u00e4nna sig som en provkanin, man ska inte beh\u00f6va v\u00e4nta och se i det o\u00e4ndliga.\u00a0Alla f\u00f6rtj\u00e4nar ett gott liv, fyllt med livskvalite\u00b4.<br \/>\nOch det kan man ha &#8211; \u00c4ven med Endometrios!<\/p>\n<p>\u00c4nglakramar!<\/p>\n","protected":false},"excerpt":{"rendered":"<p>En sk\u00f6n s\u00f6ndag har det hittills varit h\u00e4r i \u00c4nglag\u00e5rden. Har rensat och sk\u00f6rdat lite i den upph\u00f6jda lilla k\u00f6kstr\u00e4dg\u00e5rden. Tog upp de sista som blivit n\u00e5got och samtidigt som jag drog in doften av f\u00e4rsk morot blandad med fuktig &hellip; <a href=\"https:\/\/blog.skruttet.com\/?p=1735\">Forts\u00e4tt l\u00e4sa <span class=\"meta-nav\">&rarr;<\/span><\/a><\/p>\n","protected":false},"author":1,"featured_media":0,"comment_status":"open","ping_status":"open","sticky":false,"template":"","format":"standard","meta":[],"categories":[11,14,16],"tags":[],"_links":{"self":[{"href":"https:\/\/blog.skruttet.com\/index.php?rest_route=\/wp\/v2\/posts\/1735"}],"collection":[{"href":"https:\/\/blog.skruttet.com\/index.php?rest_route=\/wp\/v2\/posts"}],"about":[{"href":"https:\/\/blog.skruttet.com\/index.php?rest_route=\/wp\/v2\/types\/post"}],"author":[{"embeddable":true,"href":"https:\/\/blog.skruttet.com\/index.php?rest_route=\/wp\/v2\/users\/1"}],"replies":[{"embeddable":true,"href":"https:\/\/blog.skruttet.com\/index.php?rest_route=%2Fwp%2Fv2%2Fcomments&post=1735"}],"version-history":[{"count":0,"href":"https:\/\/blog.skruttet.com\/index.php?rest_route=\/wp\/v2\/posts\/1735\/revisions"}],"wp:attachment":[{"href":"https:\/\/blog.skruttet.com\/index.php?rest_route=%2Fwp%2Fv2%2Fmedia&parent=1735"}],"wp:term":[{"taxonomy":"category","embeddable":true,"href":"https:\/\/blog.skruttet.com\/index.php?rest_route=%2Fwp%2Fv2%2Fcategories&post=1735"},{"taxonomy":"post_tag","embeddable":true,"href":"https:\/\/blog.skruttet.com\/index.php?rest_route=%2Fwp%2Fv2%2Ftags&post=1735"}],"curies":[{"name":"wp","href":"https:\/\/api.w.org\/{rel}","templated":true}]}}