{"id":1765,"date":"2011-09-22T11:37:48","date_gmt":"2011-09-22T08:37:48","guid":{"rendered":"http:\/\/bloggen.fi\/skruttet\/?p=1765"},"modified":"2011-09-22T11:37:48","modified_gmt":"2011-09-22T08:37:48","slug":"the-winning-team","status":"publish","type":"post","link":"https:\/\/blog.skruttet.com\/?p=1765","title":{"rendered":"The winning team&#8230;"},"content":{"rendered":"<p>Surnade till rej\u00e4lt ig\u00e5r&#8230;<br \/>\nKan inte springa, Kan inte tv\u00e4tta f\u00f6nster, \u00a0kan inte damma tunga mattor&#8230;..<br \/>\nHelt pl\u00f6tsligt var hela mitt v\u00e4sen uppfyllt \u00a0av det, som jag annars anser vara obetydligt.<br \/>\nMen i g\u00e5r var det pl\u00f6tsligt den viktigaste saken i v\u00e4rlden att tex tv\u00e4tta dessa f\u00f6nster, eller att kunna damma den tyngsta mattan i v\u00e4rlden.<br \/>\nTill saken h\u00f6r att inget av det beh\u00f6vde g\u00f6ras ig\u00e5r&#8230; \u00c4n mindre springa!<\/p>\n<p>I dag skrattar jag \u00e5t det \ud83d\ude42<a href=\"http:\/\/www.skruttet.com\/blog\/wp-content\/uploads\/2011\/09\/kryckor1.jpg\"><img loading=\"lazy\" class=\"alignright size-full wp-image-1767\" src=\"http:\/\/www.skruttet.com\/blog\/wp-content\/uploads\/2011\/09\/kryckor1.jpg\" alt=\"\" width=\"150\" height=\"150\" \/><\/a><\/p>\n<p>I alla tider har jag varit ja &#8211; l\u00e5ngsammare. Allt g\u00e5r l\u00e5ngsammare. Men vad g\u00f6r det om det tar en kvart l\u00e4ngre att dammsuga eller laga k\u00e4k etc? Det g\u00e4ller bara att b\u00f6rja i tid \ud83d\ude09<\/p>\n<p>Mina kryckor \u00e4r m\u00e5nga g\u00e5nger extra h\u00e4nder, praktiskt!<\/p>\n<p>Tex mattorna blir ofta i en enda r\u00f6ra n\u00e4r jag varit framme \ud83d\ude09<br \/>\nJag fick l\u00e4ra mig redan som liten att man st\u00e4dar efter sig.<br \/>\nS\u00e5 som sig b\u00f6r fixar jag till oredan efter mig &#8211; jag sl\u00e4tar ut mattan&#8230; med min v\u00e4n kryckan&#8230;<\/p>\n<p>\u00c4ven i butiken \u00e4r min v\u00e4n en fin hj\u00e4lpreda. Av n\u00e5gon anledning \u00e4r saker som jag ska ha h\u00f6gt eller l\u00e5ngt bak placerade. Det h\u00e4nder nu som d\u00e5 att armarna inte r\u00e4cker till.<br \/>\nMen se d\u00e4r &#8211; d\u00e5 finns min v\u00e4n kryckan d\u00e4r&#8230;. \u00c5 vips n\u00e5r jag \ud83d\ude42<\/p>\n<p>Som liten flicka \u00e4lskade jag att skida&#8230;.<br \/>\n\u00c5tskilliga sp\u00e5r lagades p\u00e5 \u00e5krar och familjen vallade skidor f\u00f6r brinnk\u00e4ra livet&#8230;. Intresset svalnade dock med \u00e5ren s\u00e5 n\u00e5gon karri\u00e4r i skidv\u00e4rlden blev det inte.<br \/>\nMin v\u00e4n kryckan &#8211; perfekt skidstav.<br \/>\n\u00c4ven i l\u00e4ngd och kula s\u00e5gs jag som barn ivrigt sporta och deltog i b\u00e5da grenar och simning d\u00e5 t\u00e4vlingar ordnades. I l\u00e4ngd var jag och kryckan ett oslagbart team!!! \ud83d\ude00<\/p>\n<p>Tillsammans s\u00e5gs vi ocks\u00e5 kl\u00e4ttra i berg, och till en mors oro, sitta n\u00f6jda och glada vid bergets h\u00f6gsta topp i timmar och filura. Hallonsn\u00e5r och bl\u00e5b\u00e4rsskog bes\u00f6kte vi ofta. D\u00e4r kunde vi vistas l\u00e5nga tider! Goda pajer blev det \ud83d\ude1b<\/p>\n<p>Och vem tror ni fanns med, intill min sida, den dagen ett h\u00f6gt &#8221;JA&#8221; h\u00f6rdes i kyrkan?<br \/>\nKryckan f\u00f6rst\u00e5s! Dagen till \u00e4ra kl\u00e4dd i guld och vita sidenband \ud83d\ude00<\/p>\n<p>Om mitt handikapp begr\u00e4nsar mig????<br \/>\nDet skulle jag inte s\u00e4ga, tillsammans kan vi n\u00e4stan allt &#8211; om jag t\u00e4nker efter&#8230;<br \/>\nN\u00e4sta g\u00e5ng Omgivningen fr\u00e5gar: \u00c4r det inte jobbigt?? Hur g\u00f6r du si och s\u00e5??<br \/>\nD\u00e5 blir nog svaret: Nej, det h\u00e4r \u00e4r mitt liv och jag vet inget annat.<\/p>\n<p>Hur jag g\u00f6r??<br \/>\nKryckan och jag&#8230;. Det \u00e4r grejer det!<\/p>\n<p>It\u00b4s the winning team!!<\/p>\n<p>&nbsp;<\/p>\n","protected":false},"excerpt":{"rendered":"<p>Surnade till rej\u00e4lt ig\u00e5r&#8230; Kan inte springa, Kan inte tv\u00e4tta f\u00f6nster, \u00a0kan inte damma tunga mattor&#8230;.. Helt pl\u00f6tsligt var hela mitt v\u00e4sen uppfyllt \u00a0av det, som jag annars anser vara obetydligt. Men i g\u00e5r var det pl\u00f6tsligt den viktigaste saken &hellip; <a href=\"https:\/\/blog.skruttet.com\/?p=1765\">Forts\u00e4tt l\u00e4sa <span class=\"meta-nav\">&rarr;<\/span><\/a><\/p>\n","protected":false},"author":1,"featured_media":0,"comment_status":"open","ping_status":"open","sticky":false,"template":"","format":"standard","meta":[],"categories":[9,10,16],"tags":[],"_links":{"self":[{"href":"https:\/\/blog.skruttet.com\/index.php?rest_route=\/wp\/v2\/posts\/1765"}],"collection":[{"href":"https:\/\/blog.skruttet.com\/index.php?rest_route=\/wp\/v2\/posts"}],"about":[{"href":"https:\/\/blog.skruttet.com\/index.php?rest_route=\/wp\/v2\/types\/post"}],"author":[{"embeddable":true,"href":"https:\/\/blog.skruttet.com\/index.php?rest_route=\/wp\/v2\/users\/1"}],"replies":[{"embeddable":true,"href":"https:\/\/blog.skruttet.com\/index.php?rest_route=%2Fwp%2Fv2%2Fcomments&post=1765"}],"version-history":[{"count":0,"href":"https:\/\/blog.skruttet.com\/index.php?rest_route=\/wp\/v2\/posts\/1765\/revisions"}],"wp:attachment":[{"href":"https:\/\/blog.skruttet.com\/index.php?rest_route=%2Fwp%2Fv2%2Fmedia&parent=1765"}],"wp:term":[{"taxonomy":"category","embeddable":true,"href":"https:\/\/blog.skruttet.com\/index.php?rest_route=%2Fwp%2Fv2%2Fcategories&post=1765"},{"taxonomy":"post_tag","embeddable":true,"href":"https:\/\/blog.skruttet.com\/index.php?rest_route=%2Fwp%2Fv2%2Ftags&post=1765"}],"curies":[{"name":"wp","href":"https:\/\/api.w.org\/{rel}","templated":true}]}}