{"id":1773,"date":"2011-09-23T16:26:02","date_gmt":"2011-09-23T13:26:02","guid":{"rendered":"http:\/\/bloggen.fi\/skruttet\/?p=1773"},"modified":"2011-09-23T16:26:02","modified_gmt":"2011-09-23T13:26:02","slug":"bara-for-dig-bara-i-dag","status":"publish","type":"post","link":"https:\/\/blog.skruttet.com\/?p=1773","title":{"rendered":"&#8221;Bara f\u00f6r dig, bara i dag&#8221;"},"content":{"rendered":"<p>Regnv\u00e4der i dag!<a href=\"http:\/\/www.skruttet.com\/blog\/wp-content\/uploads\/2011\/09\/Bluffande-telefonf\u00f6rs\u00e4ljare-ska-stoppas.gif\"><img loading=\"lazy\" class=\"alignright size-medium wp-image-1774\" src=\"http:\/\/www.skruttet.com\/blog\/wp-content\/uploads\/2011\/09\/Bluffande-telefonf\u00f6rs\u00e4ljare-ska-stoppas-300x96.gif\" alt=\"\" width=\"300\" height=\"96\" srcset=\"https:\/\/blog.skruttet.com\/wp-content\/uploads\/2011\/09\/Bluffande-telefonf\u00f6rs\u00e4ljare-ska-stoppas-300x96.gif 300w, https:\/\/blog.skruttet.com\/wp-content\/uploads\/2011\/09\/Bluffande-telefonf\u00f6rs\u00e4ljare-ska-stoppas.gif 460w\" sizes=\"(max-width: 300px) 100vw, 300px\" \/><\/a><\/p>\n<p>Har just avslutat ett samtal med en kundtj\u00e4st. Ville avsluta en prenumeration. Den v\u00e4nliga r\u00f6sten i andra \u00e4ndan fr\u00e5gade f\u00f6rsiktigt varf\u00f6r. Jag svarade v\u00e4nligt men n\u00e5got best\u00e4mt att jag tycker att jag har det jag beh\u00f6ver nu. Okej, bra&#8230; Vi \u00f6nskade varandra en trevlig dag, tack o hej!<\/p>\n<p>Sk\u00f6nt!<br \/>\nVill kunna avsluta eller v\u00e4nligt s\u00e4ga:<br \/>\nNej tack&#8230; Beh\u00f6ver inte just nu.<br \/>\nJag vill slippa l\u00e5ngdragna f\u00f6rklaringar&#8230;.. om hur bra&#8230;. endast f\u00f6r dig&#8230; just i dag&#8230;.<br \/>\nS\u00e5nt g\u00f6r att jag inte orkar lyssna och snabbt slutar jag samtalet&#8230;. Och sl\u00e4nger p\u00e5! \ud83d\ude09<\/p>\n<p>Det tycks vara telefonf\u00f6rs\u00e4ljarnas dag i dag; Telefonen har g\u00e5tt varm!<\/p>\n","protected":false},"excerpt":{"rendered":"<p>Regnv\u00e4der i dag! Har just avslutat ett samtal med en kundtj\u00e4st. Ville avsluta en prenumeration. Den v\u00e4nliga r\u00f6sten i andra \u00e4ndan fr\u00e5gade f\u00f6rsiktigt varf\u00f6r. Jag svarade v\u00e4nligt men n\u00e5got best\u00e4mt att jag tycker att jag har det jag beh\u00f6ver nu. &hellip; <a href=\"https:\/\/blog.skruttet.com\/?p=1773\">Forts\u00e4tt l\u00e4sa <span class=\"meta-nav\">&rarr;<\/span><\/a><\/p>\n","protected":false},"author":1,"featured_media":0,"comment_status":"open","ping_status":"open","sticky":false,"template":"","format":"standard","meta":[],"categories":[16],"tags":[],"_links":{"self":[{"href":"https:\/\/blog.skruttet.com\/index.php?rest_route=\/wp\/v2\/posts\/1773"}],"collection":[{"href":"https:\/\/blog.skruttet.com\/index.php?rest_route=\/wp\/v2\/posts"}],"about":[{"href":"https:\/\/blog.skruttet.com\/index.php?rest_route=\/wp\/v2\/types\/post"}],"author":[{"embeddable":true,"href":"https:\/\/blog.skruttet.com\/index.php?rest_route=\/wp\/v2\/users\/1"}],"replies":[{"embeddable":true,"href":"https:\/\/blog.skruttet.com\/index.php?rest_route=%2Fwp%2Fv2%2Fcomments&post=1773"}],"version-history":[{"count":0,"href":"https:\/\/blog.skruttet.com\/index.php?rest_route=\/wp\/v2\/posts\/1773\/revisions"}],"wp:attachment":[{"href":"https:\/\/blog.skruttet.com\/index.php?rest_route=%2Fwp%2Fv2%2Fmedia&parent=1773"}],"wp:term":[{"taxonomy":"category","embeddable":true,"href":"https:\/\/blog.skruttet.com\/index.php?rest_route=%2Fwp%2Fv2%2Fcategories&post=1773"},{"taxonomy":"post_tag","embeddable":true,"href":"https:\/\/blog.skruttet.com\/index.php?rest_route=%2Fwp%2Fv2%2Ftags&post=1773"}],"curies":[{"name":"wp","href":"https:\/\/api.w.org\/{rel}","templated":true}]}}