{"id":1795,"date":"2011-10-04T21:23:38","date_gmt":"2011-10-04T18:23:38","guid":{"rendered":"http:\/\/bloggen.fi\/skruttet\/?p=1795"},"modified":"2011-10-04T21:23:38","modified_gmt":"2011-10-04T18:23:38","slug":"kampar-vantar-och-langtar-2","status":"publish","type":"post","link":"https:\/\/blog.skruttet.com\/?p=1795","title":{"rendered":"K\u00e4mpar, v\u00e4ntar och l\u00e4ngtar&#8230;."},"content":{"rendered":"<p><a href=\"http:\/\/www.skruttet.com\/blog\/wp-content\/uploads\/2011\/10\/AdultHand_ChildHand.jpg\"><img loading=\"lazy\" class=\"alignright size-medium wp-image-1799\" src=\"http:\/\/www.skruttet.com\/blog\/wp-content\/uploads\/2011\/10\/AdultHand_ChildHand-300x199.jpg\" alt=\"\" width=\"300\" height=\"199\" srcset=\"https:\/\/blog.skruttet.com\/wp-content\/uploads\/2011\/10\/AdultHand_ChildHand-300x199.jpg 300w, https:\/\/blog.skruttet.com\/wp-content\/uploads\/2011\/10\/AdultHand_ChildHand-452x300.jpg 452w, https:\/\/blog.skruttet.com\/wp-content\/uploads\/2011\/10\/AdultHand_ChildHand.jpg 600w\" sizes=\"(max-width: 300px) 100vw, 300px\" \/><\/a>Jag tycks snubbla \u00f6ver meningar som s\u00e4ger att &#8221; v\u00e4ntar barn&#8230;. Ber\u00e4knas f\u00f6da&#8230; Det \u00e4r barn nr&#8230;.&#8221; i mitt tycke alltf\u00f6r ofta&#8230;.<\/p>\n<p>Det g\u00f6r ont! Det faktum att det finns de som f\u00e5r M\u00c5NGA barn&#8230; Medan andra f\u00e5r K\u00c4MPA , V\u00c4NTA och L\u00c4NGTA \u00e5r ut och \u00e5r in! Jag kan kan inte l\u00e5ta bli att tycka att det \u00e4r lite or\u00e4ttvist!\u00a0S\u00e5 det s\u00e5!! Det g\u00f6r s\u00e5 in i helvete ont!!<\/p>\n<p>Men det finns v\u00e4l kanske n\u00e5gon mening med det ocks\u00e5??<br \/>\nHar bara sv\u00e5rt att se den meningen f\u00f6r tillf\u00e4llet&#8230;<br \/>\nSuckar&#8230;.<br \/>\nS\u00e5&#8230; Nu k\u00e4nns det b\u00e4ttre \ud83d\ude42<\/p>\n<p>&nbsp;<\/p>\n","protected":false},"excerpt":{"rendered":"<p>Jag tycks snubbla \u00f6ver meningar som s\u00e4ger att &#8221; v\u00e4ntar barn&#8230;. Ber\u00e4knas f\u00f6da&#8230; Det \u00e4r barn nr&#8230;.&#8221; i mitt tycke alltf\u00f6r ofta&#8230;. Det g\u00f6r ont! Det faktum att det finns de som f\u00e5r M\u00c5NGA barn&#8230; Medan andra f\u00e5r K\u00c4MPA , &hellip; <a href=\"https:\/\/blog.skruttet.com\/?p=1795\">Forts\u00e4tt l\u00e4sa <span class=\"meta-nav\">&rarr;<\/span><\/a><\/p>\n","protected":false},"author":1,"featured_media":0,"comment_status":"open","ping_status":"open","sticky":false,"template":"","format":"standard","meta":[],"categories":[3,14],"tags":[],"_links":{"self":[{"href":"https:\/\/blog.skruttet.com\/index.php?rest_route=\/wp\/v2\/posts\/1795"}],"collection":[{"href":"https:\/\/blog.skruttet.com\/index.php?rest_route=\/wp\/v2\/posts"}],"about":[{"href":"https:\/\/blog.skruttet.com\/index.php?rest_route=\/wp\/v2\/types\/post"}],"author":[{"embeddable":true,"href":"https:\/\/blog.skruttet.com\/index.php?rest_route=\/wp\/v2\/users\/1"}],"replies":[{"embeddable":true,"href":"https:\/\/blog.skruttet.com\/index.php?rest_route=%2Fwp%2Fv2%2Fcomments&post=1795"}],"version-history":[{"count":0,"href":"https:\/\/blog.skruttet.com\/index.php?rest_route=\/wp\/v2\/posts\/1795\/revisions"}],"wp:attachment":[{"href":"https:\/\/blog.skruttet.com\/index.php?rest_route=%2Fwp%2Fv2%2Fmedia&parent=1795"}],"wp:term":[{"taxonomy":"category","embeddable":true,"href":"https:\/\/blog.skruttet.com\/index.php?rest_route=%2Fwp%2Fv2%2Fcategories&post=1795"},{"taxonomy":"post_tag","embeddable":true,"href":"https:\/\/blog.skruttet.com\/index.php?rest_route=%2Fwp%2Fv2%2Ftags&post=1795"}],"curies":[{"name":"wp","href":"https:\/\/api.w.org\/{rel}","templated":true}]}}