{"id":1817,"date":"2011-10-06T11:37:34","date_gmt":"2011-10-06T08:37:34","guid":{"rendered":"http:\/\/bloggen.fi\/skruttet\/?p=1817"},"modified":"2011-10-06T11:37:34","modified_gmt":"2011-10-06T08:37:34","slug":"ny-programserie-startar","status":"publish","type":"post","link":"https:\/\/blog.skruttet.com\/?p=1817","title":{"rendered":"Ny programserie startar!"},"content":{"rendered":"<p>En ny, bra dag har tagit sin b\u00f6rjan. \ud83d\ude42<\/p>\n<p>N\u00e5gra m\u00e5sten finns att g\u00f6ra och en butik ska bes\u00f6kas innan kylsk\u00e5pet gapar helt tomt!<br \/>\nTror jag ska laga chilli con carne med ris och sallad till middag. Det blir nog mumsigt!<\/p>\n<p>I g\u00e5r s\u00e5g vi reprisen av SVT:s &#8221;Barn till varje pris&#8221;, del 2. Det \u00e4r bra att barnl\u00f6sheten uppm\u00e4rksammas tycker jag. Anser att man ibland g\u00e5r \u00f6ver gr\u00e4nsen f\u00f6r vad<\/p>\n<p><img loading=\"lazy\" class=\"alignright size-medium wp-image-1819\" src=\"http:\/\/www.skruttet.com\/blog\/wp-content\/uploads\/2011\/10\/liten-hand_2617473-300x199.jpg\" alt=\"\" width=\"300\" height=\"199\" srcset=\"https:\/\/blog.skruttet.com\/wp-content\/uploads\/2011\/10\/liten-hand_2617473-300x199.jpg 300w, https:\/\/blog.skruttet.com\/wp-content\/uploads\/2011\/10\/liten-hand_2617473-450x300.jpg 450w, https:\/\/blog.skruttet.com\/wp-content\/uploads\/2011\/10\/liten-hand_2617473.jpg 626w\" sizes=\"(max-width: 300px) 100vw, 300px\" \/><\/p>\n<p>som kan anses som rimligt och man f\u00e5r verkligen en k\u00e4nsla av att det ska vara just; Barn till varje pris. Rekommenderar serien och har du missat s\u00e5 kan du se det\u00a0<a href=\"http:\/\/svt.se\/2.162222\/sida\" target=\"_blank\">H\u00c4R<\/a><\/p>\n<p>I kv\u00e4ll b\u00f6rjar \u00e4ven en ny programserie p\u00e5 TV3:\u00a0<a href=\"http:\/\/www.tv3.se\/drommenomettbarn\" target=\"_blank\">Dr\u00f6mmen om ett barn<\/a>. I programmet f\u00f6ljer man olika par som k\u00e4mpar f\u00f6r att f\u00e5 barn. Serien \u00e4r i \u00e5tta delar. Skulle du r\u00e5ka missa det s\u00e5 g\u00e5r det \u00e4ven att se det i efterhand p\u00e5 n\u00e4tet,\u00a0<a href=\"http:\/\/www.tv3play.se\/program\/drommenomettbarn\" target=\"_blank\">H\u00c4R<\/a><\/p>\n<p>\u00c4nglakram!!<\/p>\n","protected":false},"excerpt":{"rendered":"<p>En ny, bra dag har tagit sin b\u00f6rjan. \ud83d\ude42 N\u00e5gra m\u00e5sten finns att g\u00f6ra och en butik ska bes\u00f6kas innan kylsk\u00e5pet gapar helt tomt! Tror jag ska laga chilli con carne med ris och sallad till middag. Det blir nog &hellip; <a href=\"https:\/\/blog.skruttet.com\/?p=1817\">Forts\u00e4tt l\u00e4sa <span class=\"meta-nav\">&rarr;<\/span><\/a><\/p>\n","protected":false},"author":1,"featured_media":0,"comment_status":"open","ping_status":"open","sticky":false,"template":"","format":"standard","meta":[],"categories":[3,12],"tags":[],"_links":{"self":[{"href":"https:\/\/blog.skruttet.com\/index.php?rest_route=\/wp\/v2\/posts\/1817"}],"collection":[{"href":"https:\/\/blog.skruttet.com\/index.php?rest_route=\/wp\/v2\/posts"}],"about":[{"href":"https:\/\/blog.skruttet.com\/index.php?rest_route=\/wp\/v2\/types\/post"}],"author":[{"embeddable":true,"href":"https:\/\/blog.skruttet.com\/index.php?rest_route=\/wp\/v2\/users\/1"}],"replies":[{"embeddable":true,"href":"https:\/\/blog.skruttet.com\/index.php?rest_route=%2Fwp%2Fv2%2Fcomments&post=1817"}],"version-history":[{"count":0,"href":"https:\/\/blog.skruttet.com\/index.php?rest_route=\/wp\/v2\/posts\/1817\/revisions"}],"wp:attachment":[{"href":"https:\/\/blog.skruttet.com\/index.php?rest_route=%2Fwp%2Fv2%2Fmedia&parent=1817"}],"wp:term":[{"taxonomy":"category","embeddable":true,"href":"https:\/\/blog.skruttet.com\/index.php?rest_route=%2Fwp%2Fv2%2Fcategories&post=1817"},{"taxonomy":"post_tag","embeddable":true,"href":"https:\/\/blog.skruttet.com\/index.php?rest_route=%2Fwp%2Fv2%2Ftags&post=1817"}],"curies":[{"name":"wp","href":"https:\/\/api.w.org\/{rel}","templated":true}]}}