{"id":1824,"date":"2011-10-07T16:22:13","date_gmt":"2011-10-07T13:22:13","guid":{"rendered":"http:\/\/bloggen.fi\/skruttet\/?p=1824"},"modified":"2011-10-07T16:22:13","modified_gmt":"2011-10-07T13:22:13","slug":"reser-vidare","status":"publish","type":"post","link":"https:\/\/blog.skruttet.com\/?p=1824","title":{"rendered":"Reser vidare&#8230;."},"content":{"rendered":"<p>Fredag i dag.<br \/>\nTusen tankar snurrar i mitt huvud, en speciell k\u00e4nsla finns i mitt hj\u00e4rta.<br \/>\nI helgen \u00e4r det dags f\u00f6r det sista tillf\u00e4llet av f\u00f6r\u00e4ldraf\u00f6rberedelsen.<br \/>\nSp\u00e4nnande!<a href=\"http:\/\/www.skruttet.com\/blog\/wp-content\/uploads\/2011\/10\/hearthand.jpg\"><img loading=\"lazy\" class=\"alignright size-medium wp-image-1826\" src=\"http:\/\/www.skruttet.com\/blog\/wp-content\/uploads\/2011\/10\/hearthand-300x200.jpg\" alt=\"\" width=\"300\" height=\"200\" srcset=\"https:\/\/blog.skruttet.com\/wp-content\/uploads\/2011\/10\/hearthand-300x200.jpg 300w, https:\/\/blog.skruttet.com\/wp-content\/uploads\/2011\/10\/hearthand-450x300.jpg 450w, https:\/\/blog.skruttet.com\/wp-content\/uploads\/2011\/10\/hearthand.jpg 600w\" sizes=\"(max-width: 300px) 100vw, 300px\" \/><\/a><br \/>\nS\u00e5g programmet &#8221;Dr\u00f6mmen om ett barn&#8221; som jag tipsade om ig\u00e5r. Det ber\u00f6rde verkligen. Mycket f\u00f6ll p\u00e5 plats och om m\u00f6jligt blev &#8221; det \u00e4r s\u00e5 h\u00e4r det ska vara &#8211; h\u00e4r ska vi vara &#8211; Du och jag &#8211; Tillsammans. Ingenting annat!&#8221; k\u00e4nslan \u00e4nnu starkare \u00e4n vad den tidigare varit.<\/p>\n<p>S\u00e5 sj\u00e4lvklart och r\u00e4tt!<\/p>\n<p>S\u00e4kert kommer k\u00e4nslorna att vara m\u00e5nga \u00e4n. Vi befinner ju oss &#8221;bara&#8221; i b\u00f6rjan av processen \u00e4n. Men g\u00e5rdagens k\u00e4nsla av sj\u00e4lvklarhet plockar jag med mig och s\u00e4tter den l\u00e5ngt inne i mitt innersta rum och lite mer f\u00f6rberedd reser vi vidare i Adoptionsprocessen.<\/p>\n<p>\u00c4nglakramar!<\/p>\n","protected":false},"excerpt":{"rendered":"<p>Fredag i dag. Tusen tankar snurrar i mitt huvud, en speciell k\u00e4nsla finns i mitt hj\u00e4rta. I helgen \u00e4r det dags f\u00f6r det sista tillf\u00e4llet av f\u00f6r\u00e4ldraf\u00f6rberedelsen. Sp\u00e4nnande! S\u00e5g programmet &#8221;Dr\u00f6mmen om ett barn&#8221; som jag tipsade om ig\u00e5r. Det &hellip; <a href=\"https:\/\/blog.skruttet.com\/?p=1824\">Forts\u00e4tt l\u00e4sa <span class=\"meta-nav\">&rarr;<\/span><\/a><\/p>\n","protected":false},"author":1,"featured_media":0,"comment_status":"open","ping_status":"open","sticky":false,"template":"","format":"standard","meta":[],"categories":[3,10,14],"tags":[],"_links":{"self":[{"href":"https:\/\/blog.skruttet.com\/index.php?rest_route=\/wp\/v2\/posts\/1824"}],"collection":[{"href":"https:\/\/blog.skruttet.com\/index.php?rest_route=\/wp\/v2\/posts"}],"about":[{"href":"https:\/\/blog.skruttet.com\/index.php?rest_route=\/wp\/v2\/types\/post"}],"author":[{"embeddable":true,"href":"https:\/\/blog.skruttet.com\/index.php?rest_route=\/wp\/v2\/users\/1"}],"replies":[{"embeddable":true,"href":"https:\/\/blog.skruttet.com\/index.php?rest_route=%2Fwp%2Fv2%2Fcomments&post=1824"}],"version-history":[{"count":0,"href":"https:\/\/blog.skruttet.com\/index.php?rest_route=\/wp\/v2\/posts\/1824\/revisions"}],"wp:attachment":[{"href":"https:\/\/blog.skruttet.com\/index.php?rest_route=%2Fwp%2Fv2%2Fmedia&parent=1824"}],"wp:term":[{"taxonomy":"category","embeddable":true,"href":"https:\/\/blog.skruttet.com\/index.php?rest_route=%2Fwp%2Fv2%2Fcategories&post=1824"},{"taxonomy":"post_tag","embeddable":true,"href":"https:\/\/blog.skruttet.com\/index.php?rest_route=%2Fwp%2Fv2%2Ftags&post=1824"}],"curies":[{"name":"wp","href":"https:\/\/api.w.org\/{rel}","templated":true}]}}