{"id":1864,"date":"2011-10-15T14:59:48","date_gmt":"2011-10-15T11:59:48","guid":{"rendered":"http:\/\/bloggen.fi\/skruttet\/?p=1864"},"modified":"2011-10-15T14:59:48","modified_gmt":"2011-10-15T11:59:48","slug":"innan-dammtussarna-pratar","status":"publish","type":"post","link":"https:\/\/blog.skruttet.com\/?p=1864","title":{"rendered":"Innan dammtussarna pratar"},"content":{"rendered":"<p>God liten l\u00f6rdag p\u00e5 er!<img loading=\"lazy\" class=\"alignright size-medium wp-image-1865\" src=\"http:\/\/www.skruttet.com\/blog\/wp-content\/uploads\/2011\/10\/clean1-300x291.jpg\" alt=\"\" width=\"300\" height=\"291\" srcset=\"https:\/\/blog.skruttet.com\/wp-content\/uploads\/2011\/10\/clean1-300x291.jpg 300w, https:\/\/blog.skruttet.com\/wp-content\/uploads\/2011\/10\/clean1-308x300.jpg 308w, https:\/\/blog.skruttet.com\/wp-content\/uploads\/2011\/10\/clean1.jpg 928w\" sizes=\"(max-width: 300px) 100vw, 300px\" \/><br \/>\nFull fart i dag.\u00a0&lt;3-\u00c4ngeln \u00e4r ute, i solen\u00a0avancerar\u00a0grundarbetet p\u00e5 garaget .<\/p>\n<p>H\u00e4r p\u00e5 insidan avancerar st\u00e4dningen \ud83d\ude42<br \/>\nPlockat, dammat och damsugit st\u00f6rre delen av huset. \u00a0Sk\u00f6nt att f\u00e5 det gjort innan jag m\u00f6ts i d\u00f6rren av pratande dammtussar \ud83d\ude09<\/p>\n<p>M\u00e5ste vila en stund innan jag forts\u00e4tter jakten p\u00e5 dammet och passar p\u00e5 att ta del av vad bloggen har att bjuda p\u00e5 idag \ud83d\ude42<\/p>\n<p>P\u00e5minner er om att <a href=\"http:\/\/bloggpriset.ylebloggen.fi\/nomineringar\/\">nominera<\/a> till bloggpriset!<br \/>\nSj\u00e4lv har jag inte nominerat \u00e4n, ska nog g\u00f6ra det under dagen. Sv\u00e5rt att best\u00e4mma mig f\u00f6r vilka, det finns ju s\u00e5 m\u00e5nga bra\/duktiga\/intressanta bloggare\/bloggar.<br \/>\n\u00d6nskar alla LYCKA TILL!<br \/>\nR\u00f6stningen avslutas 23.10.11.<\/p>\n<p>Nu dags f\u00f6r sent eftermiddagskaffe,<br \/>\n\u00c4nglakramar!!<\/p>\n","protected":false},"excerpt":{"rendered":"<p>God liten l\u00f6rdag p\u00e5 er! Full fart i dag.\u00a0&lt;3-\u00c4ngeln \u00e4r ute, i solen\u00a0avancerar\u00a0grundarbetet p\u00e5 garaget . H\u00e4r p\u00e5 insidan avancerar st\u00e4dningen \ud83d\ude42 Plockat, dammat och damsugit st\u00f6rre delen av huset. \u00a0Sk\u00f6nt att f\u00e5 det gjort innan jag m\u00f6ts i d\u00f6rren &hellip; <a href=\"https:\/\/blog.skruttet.com\/?p=1864\">Forts\u00e4tt l\u00e4sa <span class=\"meta-nav\">&rarr;<\/span><\/a><\/p>\n","protected":false},"author":1,"featured_media":0,"comment_status":"open","ping_status":"open","sticky":false,"template":"","format":"standard","meta":[],"categories":[16],"tags":[],"_links":{"self":[{"href":"https:\/\/blog.skruttet.com\/index.php?rest_route=\/wp\/v2\/posts\/1864"}],"collection":[{"href":"https:\/\/blog.skruttet.com\/index.php?rest_route=\/wp\/v2\/posts"}],"about":[{"href":"https:\/\/blog.skruttet.com\/index.php?rest_route=\/wp\/v2\/types\/post"}],"author":[{"embeddable":true,"href":"https:\/\/blog.skruttet.com\/index.php?rest_route=\/wp\/v2\/users\/1"}],"replies":[{"embeddable":true,"href":"https:\/\/blog.skruttet.com\/index.php?rest_route=%2Fwp%2Fv2%2Fcomments&post=1864"}],"version-history":[{"count":0,"href":"https:\/\/blog.skruttet.com\/index.php?rest_route=\/wp\/v2\/posts\/1864\/revisions"}],"wp:attachment":[{"href":"https:\/\/blog.skruttet.com\/index.php?rest_route=%2Fwp%2Fv2%2Fmedia&parent=1864"}],"wp:term":[{"taxonomy":"category","embeddable":true,"href":"https:\/\/blog.skruttet.com\/index.php?rest_route=%2Fwp%2Fv2%2Fcategories&post=1864"},{"taxonomy":"post_tag","embeddable":true,"href":"https:\/\/blog.skruttet.com\/index.php?rest_route=%2Fwp%2Fv2%2Ftags&post=1864"}],"curies":[{"name":"wp","href":"https:\/\/api.w.org\/{rel}","templated":true}]}}