{"id":1879,"date":"2011-10-16T17:54:47","date_gmt":"2011-10-16T14:54:47","guid":{"rendered":"http:\/\/bloggen.fi\/skruttet\/?p=1879"},"modified":"2011-10-16T17:54:47","modified_gmt":"2011-10-16T14:54:47","slug":"en-solig-sondag","status":"publish","type":"post","link":"https:\/\/blog.skruttet.com\/?p=1879","title":{"rendered":"En solig s\u00f6ndag&#8230;"},"content":{"rendered":"<p>En typisk s\u00f6ndagsmorgon var det h\u00e4r i \u00c4nglag\u00e5rden i morse.<br \/>\nFrukosten avnj\u00f6ts i s\u00e4ngen med tvn som s\u00e4llskap. \u00a0En lugn och behaglig morgon \ud83d\ude09<br \/>\nDessa typiska s\u00f6ndagsmornar har blivit n\u00e5got av en rutin. Om vi av n\u00e5gon anledning inte haft m\u00f6jlighet att ha dem p\u00e5 en stund k\u00e4nns helgen &#8221;konstig&#8221; p\u00e5 n\u00e5got s\u00e4tt. Som om n\u00e5got fattas. T\u00e4nk vad \u00a0en liten grej \u00a0kan spela stor roll!! Man v\u00e4njer sig fort!<br \/>\nB\u00e5de p\u00e5 gott och ont kanske. Men rutiner (och traditioner) \u00e4r nog viktigt f\u00f6r att m\u00e5 bra \ud83d\ude42<\/p>\n<p>P\u00e5 eftermiddagen letade vi oss ut i den vackra h\u00f6stsolen och tog i tu med veden.<br \/>\nGemensamt arbete \u00e4r alltid roligt; det har kluvits, k\u00e4rrats och staplats ved i god takt.<a href=\"http:\/\/www.skruttet.com\/blog\/wp-content\/uploads\/2011\/10\/ved3.jpg\"><img loading=\"lazy\" class=\"alignright size-medium wp-image-1880\" src=\"http:\/\/www.skruttet.com\/blog\/wp-content\/uploads\/2011\/10\/ved3-300x118.jpg\" alt=\"\" width=\"300\" height=\"118\" srcset=\"https:\/\/blog.skruttet.com\/wp-content\/uploads\/2011\/10\/ved3-300x118.jpg 300w, https:\/\/blog.skruttet.com\/wp-content\/uploads\/2011\/10\/ved3-500x197.jpg 500w, https:\/\/blog.skruttet.com\/wp-content\/uploads\/2011\/10\/ved3.jpg 604w\" sizes=\"(max-width: 300px) 100vw, 300px\" \/><\/a><br \/>\nV\u00e5r tanke \u00e4r att vi ska kunna sitta inne i vinter och mysa med sprakande brasa \ud83d\ude09<br \/>\nDet ser vi ut att kunna g\u00f6ra. Traven med ved har v\u00e4xer och \u00e4n \u00e4r det inte slut&#8230;.<\/p>\n<p>Nu \u00e4r middagen i magen &#8211; m\u00e4tta och bel\u00e5tna forts\u00e4tter vi nu v\u00e5rt vedprojekt!<br \/>\nSedan \u00e4r det nog tv, kaffe och en brasa i spisen som g\u00e4ller \ud83d\ude00<\/p>\n<p>En fortsatt trevlig s\u00f6ndag \u00f6nskar jag den \u00c4ngel som susar in och l\u00e4ser mina skriverier,<br \/>\n\u00c4nglakramar!!<\/p>\n","protected":false},"excerpt":{"rendered":"<p>En typisk s\u00f6ndagsmorgon var det h\u00e4r i \u00c4nglag\u00e5rden i morse. Frukosten avnj\u00f6ts i s\u00e4ngen med tvn som s\u00e4llskap. \u00a0En lugn och behaglig morgon \ud83d\ude09 Dessa typiska s\u00f6ndagsmornar har blivit n\u00e5got av en rutin. Om vi av n\u00e5gon anledning inte haft &hellip; <a href=\"https:\/\/blog.skruttet.com\/?p=1879\">Forts\u00e4tt l\u00e4sa <span class=\"meta-nav\">&rarr;<\/span><\/a><\/p>\n","protected":false},"author":1,"featured_media":0,"comment_status":"open","ping_status":"open","sticky":false,"template":"","format":"standard","meta":[],"categories":[16],"tags":[],"_links":{"self":[{"href":"https:\/\/blog.skruttet.com\/index.php?rest_route=\/wp\/v2\/posts\/1879"}],"collection":[{"href":"https:\/\/blog.skruttet.com\/index.php?rest_route=\/wp\/v2\/posts"}],"about":[{"href":"https:\/\/blog.skruttet.com\/index.php?rest_route=\/wp\/v2\/types\/post"}],"author":[{"embeddable":true,"href":"https:\/\/blog.skruttet.com\/index.php?rest_route=\/wp\/v2\/users\/1"}],"replies":[{"embeddable":true,"href":"https:\/\/blog.skruttet.com\/index.php?rest_route=%2Fwp%2Fv2%2Fcomments&post=1879"}],"version-history":[{"count":0,"href":"https:\/\/blog.skruttet.com\/index.php?rest_route=\/wp\/v2\/posts\/1879\/revisions"}],"wp:attachment":[{"href":"https:\/\/blog.skruttet.com\/index.php?rest_route=%2Fwp%2Fv2%2Fmedia&parent=1879"}],"wp:term":[{"taxonomy":"category","embeddable":true,"href":"https:\/\/blog.skruttet.com\/index.php?rest_route=%2Fwp%2Fv2%2Fcategories&post=1879"},{"taxonomy":"post_tag","embeddable":true,"href":"https:\/\/blog.skruttet.com\/index.php?rest_route=%2Fwp%2Fv2%2Ftags&post=1879"}],"curies":[{"name":"wp","href":"https:\/\/api.w.org\/{rel}","templated":true}]}}