{"id":1910,"date":"2011-10-18T15:09:47","date_gmt":"2011-10-18T12:09:47","guid":{"rendered":"http:\/\/bloggen.fi\/skruttet\/?p=1910"},"modified":"2011-10-18T15:09:47","modified_gmt":"2011-10-18T12:09:47","slug":"skruttbloggen-far-ett-ansikte","status":"publish","type":"post","link":"https:\/\/blog.skruttet.com\/?p=1910","title":{"rendered":"Skruttbloggen f\u00e5r ett ansikte =)"},"content":{"rendered":"<p>F\u00f6r nytillkomna och redan l\u00e4sande \u00c4nglar!<\/p>\n<p>Min tanke med denh\u00e4r bloggen \u00e4r att f\u00e5 utlopp f\u00f6r saker som r\u00f6r sig i mitt huvud.<br \/>\nAtt \u00f6ka kunskapen om den kroniska sjukdomen Endometrios. \u00a0Och livet med den.<a href=\"http:\/\/www.skruttet.com\/blog\/wp-content\/uploads\/2011\/10\/211867_673753247_6702209_n.jpg\"><img loading=\"lazy\" class=\"alignright size-full wp-image-1911\" src=\"http:\/\/www.skruttet.com\/blog\/wp-content\/uploads\/2011\/10\/211867_673753247_6702209_n.jpg\" alt=\"\" width=\"180\" height=\"183\" \/><\/a><\/p>\n<p>Jag delar med mig av min sjukdomsupplevelse f\u00f6r att hj\u00e4lpa andra. D\u00e4rf\u00f6r skippar jag nu anonymiteten. H\u00e4r skrek jag ut frustrationen n\u00e4r k\u00e4nslan av maktl\u00f6shet och sorg blev \u00f6verm\u00e4ktig. H\u00e4r fann jag med ordens hj\u00e4lp f\u00f6rm\u00e5gan att ta mig fr\u00e5n m\u00f6rker till ljus. \u00a0Jag har och har haft fullkomligt underbara m\u00e4nniskor och min fina familj runt om mig.<\/p>\n<p>Dr\u00f6mmen \u00e4r att f\u00e5 till\u00f6kning i \u00c4nglag\u00e5rden en dag. Och sedan h\u00f6sten 2010 befinner vi oss i en Adoptionsprocess \ud83d\ude42<\/p>\n<p><strong>Och jag ber dig fina \u00c4ngel som l\u00e4ser min blogg att genomg\u00e5ende minnas att det \u00e4r mina upplevelser, k\u00e4nslor, tankar och funderingar som \u00e5terspeglas h\u00e4r! Vill varken svartm\u00e5la eller helgonf\u00f6rklara n\u00e5gon. Alla m\u00e4nniskor \u00e4r \u00c4nglar h\u00e4r, dvs de n\u00e4mns inte vid namn &#8211; och \u00c4nglar ska de f\u00f6rbli. Respektera det, Tack!<\/strong><\/p>\n<p><strong> <\/strong><\/p>\n<p><strong> <\/strong>\u00d6nskar dig varmt v\u00e4lkommen att f\u00f6lja; Livet i \u00c4nglag\u00e5rden \ud83d\ude42<\/p>\n<p>\u00c4nglakramar!!<br \/>\nSkruttet (som egentligen heter Ann-Sofi)<\/p>\n<p>Har du n\u00e5got p\u00e5 hj\u00e4rtat s\u00e5 g\u00e5r det ocks\u00e5 bra att maila. Adressen \u00e4r: myangelblog@hotmail.com<\/p>\n","protected":false},"excerpt":{"rendered":"<p>F\u00f6r nytillkomna och redan l\u00e4sande \u00c4nglar! Min tanke med denh\u00e4r bloggen \u00e4r att f\u00e5 utlopp f\u00f6r saker som r\u00f6r sig i mitt huvud. Att \u00f6ka kunskapen om den kroniska sjukdomen Endometrios. \u00a0Och livet med den. Jag delar med mig av &hellip; <a href=\"https:\/\/blog.skruttet.com\/?p=1910\">Forts\u00e4tt l\u00e4sa <span class=\"meta-nav\">&rarr;<\/span><\/a><\/p>\n","protected":false},"author":1,"featured_media":0,"comment_status":"open","ping_status":"open","sticky":false,"template":"","format":"standard","meta":[],"categories":[9,11,16],"tags":[],"_links":{"self":[{"href":"https:\/\/blog.skruttet.com\/index.php?rest_route=\/wp\/v2\/posts\/1910"}],"collection":[{"href":"https:\/\/blog.skruttet.com\/index.php?rest_route=\/wp\/v2\/posts"}],"about":[{"href":"https:\/\/blog.skruttet.com\/index.php?rest_route=\/wp\/v2\/types\/post"}],"author":[{"embeddable":true,"href":"https:\/\/blog.skruttet.com\/index.php?rest_route=\/wp\/v2\/users\/1"}],"replies":[{"embeddable":true,"href":"https:\/\/blog.skruttet.com\/index.php?rest_route=%2Fwp%2Fv2%2Fcomments&post=1910"}],"version-history":[{"count":0,"href":"https:\/\/blog.skruttet.com\/index.php?rest_route=\/wp\/v2\/posts\/1910\/revisions"}],"wp:attachment":[{"href":"https:\/\/blog.skruttet.com\/index.php?rest_route=%2Fwp%2Fv2%2Fmedia&parent=1910"}],"wp:term":[{"taxonomy":"category","embeddable":true,"href":"https:\/\/blog.skruttet.com\/index.php?rest_route=%2Fwp%2Fv2%2Fcategories&post=1910"},{"taxonomy":"post_tag","embeddable":true,"href":"https:\/\/blog.skruttet.com\/index.php?rest_route=%2Fwp%2Fv2%2Ftags&post=1910"}],"curies":[{"name":"wp","href":"https:\/\/api.w.org\/{rel}","templated":true}]}}