{"id":1960,"date":"2011-10-20T21:03:28","date_gmt":"2011-10-20T18:03:28","guid":{"rendered":"http:\/\/bloggen.fi\/skruttet\/?p=1960"},"modified":"2011-10-20T21:03:28","modified_gmt":"2011-10-20T18:03:28","slug":"en-skon-kvall","status":"publish","type":"post","link":"https:\/\/blog.skruttet.com\/?p=1960","title":{"rendered":"En sk\u00f6n kv\u00e4ll&#8230;"},"content":{"rendered":"<p>Ett behagligt lugn ligger \u00f6ver \u00c4nglag\u00e5rden i kv\u00e4ll.<br \/>\nJag \u00e4r ensam hemma.<br \/>\nH\u00e4r i v\u00e5rt lilla kontor brinner v\u00e4rmeljusen s\u00e5 vackert och sprider en fruktig doft.<br \/>\nKan det vara melon kanske???<br \/>\n<a href=\"http:\/\/www.skruttet.com\/blog\/wp-content\/uploads\/2011\/10\/varmeljus.gif\"><img loading=\"lazy\" class=\"alignright size-medium wp-image-1961\" src=\"http:\/\/www.skruttet.com\/blog\/wp-content\/uploads\/2011\/10\/varmeljus-166x300.gif\" alt=\"\" width=\"166\" height=\"300\" srcset=\"https:\/\/blog.skruttet.com\/wp-content\/uploads\/2011\/10\/varmeljus-166x300.gif 166w, https:\/\/blog.skruttet.com\/wp-content\/uploads\/2011\/10\/varmeljus.gif 277w\" sizes=\"(max-width: 166px) 100vw, 166px\" \/><\/a><\/p>\n<p>F\u00f6r nytillkomna l\u00e4sande \u00c4nglar kan jag ber\u00e4tta<br \/>\natt jag \u00e4r storkonsument av ljus \ud83d\ude00<br \/>\nDoftljus, ljus i olika f\u00e4rger och former, &#8221;vanliga&#8221; ljus&#8230;<br \/>\nJag \u00e4r en riktig &#8221;ljusoman&#8221; \ud83d\ude09<\/p>\n<p>St\u00e4mningen som skapas av levande ljus och musik fullkomligt \u00e4lskar jag! Och i v\u00e5rt hem st\u00e5r det \u00e4nglar och ljusstakar lite varstans.<br \/>\nN\u00e4r vi b\u00f6rjade inreda \u00c4nglag\u00e5rden var vi tidigt \u00f6verens om att<br \/>\n-Ytor f\u00f6r ljus ska finnas! \ud83d\ude00<\/p>\n<p>Kombinationen ljus och \u00a0lugn musik &#8211; avslappningen \u00e4r total!!<br \/>\nSlut \u00f6gonen och <a href=\"http:\/\/www.youtube.com\/watch?v=5MVr6Y595qg&amp;feature=related\">lyssna<\/a>.<\/p>\n<p>\u00c4nglakramar!!<\/p>\n","protected":false},"excerpt":{"rendered":"<p>Ett behagligt lugn ligger \u00f6ver \u00c4nglag\u00e5rden i kv\u00e4ll. Jag \u00e4r ensam hemma. H\u00e4r i v\u00e5rt lilla kontor brinner v\u00e4rmeljusen s\u00e5 vackert och sprider en fruktig doft. Kan det vara melon kanske??? F\u00f6r nytillkomna l\u00e4sande \u00c4nglar kan jag ber\u00e4tta att jag &hellip; <a href=\"https:\/\/blog.skruttet.com\/?p=1960\">Forts\u00e4tt l\u00e4sa <span class=\"meta-nav\">&rarr;<\/span><\/a><\/p>\n","protected":false},"author":1,"featured_media":0,"comment_status":"open","ping_status":"open","sticky":false,"template":"","format":"standard","meta":[],"categories":[16],"tags":[],"_links":{"self":[{"href":"https:\/\/blog.skruttet.com\/index.php?rest_route=\/wp\/v2\/posts\/1960"}],"collection":[{"href":"https:\/\/blog.skruttet.com\/index.php?rest_route=\/wp\/v2\/posts"}],"about":[{"href":"https:\/\/blog.skruttet.com\/index.php?rest_route=\/wp\/v2\/types\/post"}],"author":[{"embeddable":true,"href":"https:\/\/blog.skruttet.com\/index.php?rest_route=\/wp\/v2\/users\/1"}],"replies":[{"embeddable":true,"href":"https:\/\/blog.skruttet.com\/index.php?rest_route=%2Fwp%2Fv2%2Fcomments&post=1960"}],"version-history":[{"count":0,"href":"https:\/\/blog.skruttet.com\/index.php?rest_route=\/wp\/v2\/posts\/1960\/revisions"}],"wp:attachment":[{"href":"https:\/\/blog.skruttet.com\/index.php?rest_route=%2Fwp%2Fv2%2Fmedia&parent=1960"}],"wp:term":[{"taxonomy":"category","embeddable":true,"href":"https:\/\/blog.skruttet.com\/index.php?rest_route=%2Fwp%2Fv2%2Fcategories&post=1960"},{"taxonomy":"post_tag","embeddable":true,"href":"https:\/\/blog.skruttet.com\/index.php?rest_route=%2Fwp%2Fv2%2Ftags&post=1960"}],"curies":[{"name":"wp","href":"https:\/\/api.w.org\/{rel}","templated":true}]}}