{"id":2003,"date":"2011-10-24T12:02:23","date_gmt":"2011-10-24T09:02:23","guid":{"rendered":"http:\/\/bloggen.fi\/skruttet\/?p=2003"},"modified":"2011-10-24T12:02:23","modified_gmt":"2011-10-24T09:02:23","slug":"som-du-valjer-att-se-det","status":"publish","type":"post","link":"https:\/\/blog.skruttet.com\/?p=2003","title":{"rendered":"Som du v\u00e4ljer att se det&#8230;"},"content":{"rendered":"<p>L\u00e4gger fingrarna p\u00e5 tangentbordet.<br \/>\nHar surfat runt&#8230; Tagit del av skriverier och kommenterat n\u00e5gra&#8230;<br \/>\nDetta har jag skrivit om f\u00f6rr men det \u00e4r viktigt, s\u00e5 g\u00f6r det igen \ud83d\ude09<\/p>\n<p>Jag drar mig till minnes hur det var n\u00e4r min Endometrios blev diagnostiserad, 20 \u00e5r var jag och hade d\u00e5 haft problem med magsm\u00e4rta en l\u00e5ng tid. Man gjorde en titth\u00e5lsoperation.<a href=\"http:\/\/www.skruttet.com\/blog\/wp-content\/uploads\/2011\/10\/blue_eye-1579.jpg\"><img loading=\"lazy\" class=\"alignright size-medium wp-image-2004\" src=\"http:\/\/www.skruttet.com\/blog\/wp-content\/uploads\/2011\/10\/blue_eye-1579-300x211.jpg\" alt=\"\" width=\"300\" height=\"211\" srcset=\"https:\/\/blog.skruttet.com\/wp-content\/uploads\/2011\/10\/blue_eye-1579-300x211.jpg 300w, https:\/\/blog.skruttet.com\/wp-content\/uploads\/2011\/10\/blue_eye-1579.jpg 419w\" sizes=\"(max-width: 300px) 100vw, 300px\" \/><\/a><br \/>\nDiagnosen blev satt, skriver enkelt nu &#8211; vill inte gr\u00e4va i det som varit. Det g\u00e5r \u00e4nd\u00e5 inte att \u00e4ndra det f\u00f6rflutna. (Min historia hittar du i\u00a0kategorin: Sjukomen Endometrios ).<\/p>\n<p>I dag, 16 \u00e5r senare \u00e4r kunskapen om Endo st\u00f6rre. Sjukdomen har kallats helvetet p\u00e5 jorden, den g\u00e5tfulla sjukdomen osv. Oavsett vad \u00e4r den <strong>kronisk<\/strong>. Det betyder att:<br \/>\nDet \u00e4r viktigt att du f\u00e5r hj\u00e4lp eller l\u00e4r dig hitta v\u00e4gar att hantera sm\u00e4rtan.<br \/>\nAnnars orkar man inte! \u00a0Och sn\u00e4lla du v\u00e4nta inte f\u00f6r l\u00e4nge med att s\u00f6ka hj\u00e4lp. \u00a0Faktum \u00e4r att <strong>jag tror<\/strong> sj\u00e4lv inte att jag skulle ha haft lika mycket problem med sm\u00e4rtan om problemen tagits p\u00e5 allvar tidigt.<\/p>\n<p>Man m\u00e5ste se livets helhet:<\/p>\n<ol>\n<li> <strong>Du ska inte beh\u00f6va ha ont! <\/strong>&#8211; V\u00e5rdande \u00c4nglarna KAN hj\u00e4lpa dig med den mest akuta sm\u00e4rtan.<\/li>\n<li><strong>Hj\u00e4lp v\u00e5rden att hj\u00e4lpa dig!<\/strong> &#8211; Kartl\u00e4gg sm\u00e4rtan. N\u00c4R har du ont? VAD g\u00f6r sm\u00e4rtan v\u00e4rre resp b\u00e4ttre? HUR k\u00e4nns den? Beskriv med dina egna ord!<\/li>\n<li><strong>Kr\u00e4v att din sm\u00e4rta tas p\u00e5 allvar!<\/strong> &#8211; Det \u00e4r ditt liv det \u00e4r fr\u00e5gan om. S\u00e4g i fr\u00e5n! L\u00e5t ingen trampa p\u00e5 dig!!<\/li>\n<li><strong>Ha inte f\u00f6r stora krav p\u00e5 dig sj\u00e4lv.<\/strong> &#8211; Lyssna p\u00e5 din kropp. Det \u00e4r den enda du har, s\u00e5 ta hand om den \ud83d\ude42 Tank p\u00e5 att g\u00f6ra saker som f\u00e5r dig att m\u00e5 bra! D\u00e5 orkar du b\u00e4ttre!<\/li>\n<\/ol>\n<p><span style=\"font-family: Georgia, 'Bitstream Charter', serif;font-size: 16px;line-height: 24px\">Och gl\u00f6m aldrig: Du \u00e4r du, Du \u00e4r fin och att vara b\u00e4rare av Endometrios eller annan sm\u00e4rta \u00e4r ingenting att sk\u00e4mmas f\u00f6r!! Du \u00e4r inte ensam!!<\/span><\/p>\n<p>Skulle g\u00e4rna vilja s\u00e4ga att det g\u00e5r fort att l\u00e4ra sig allt det h\u00e4r. Men det g\u00e5r inte &#8211; d\u00e5 skulle jag ljuga. Har aktivt skrivit sedan 2006 (bortsett fr\u00e5n ca 1 \u00bd \u00e5rs blogguppeh\u00e5ll) och det \u00e4r v\u00e4l f\u00f6rst nu p\u00e5 senare tid som jag kunnat s\u00e4ga att jag \u00e4r hel &#8211; \u00e4nda in i sj\u00e4len. Att jag faktiskt v\u00e5gar tro p\u00e5 framtiden och den fantastiska process vi befinner oss i. \ud83d\ude42<\/p>\n<p>Och det mesta i livet blir som du v\u00e4ljer att se det,<br \/>\n\u00c4nglakramar!!<\/p>\n<p style=\"text-align: center\"><a href=\"http:\/\/www.youtube.com\/watch?v=K5dem7cDLCw&amp;ob=av3e\" target=\"_blank\">Jonas Brothers &#8211; When You Look Me In The Eyes<\/a><\/p>\n<p>&nbsp;<\/p>\n","protected":false},"excerpt":{"rendered":"<p>L\u00e4gger fingrarna p\u00e5 tangentbordet. Har surfat runt&#8230; Tagit del av skriverier och kommenterat n\u00e5gra&#8230; Detta har jag skrivit om f\u00f6rr men det \u00e4r viktigt, s\u00e5 g\u00f6r det igen \ud83d\ude09 Jag drar mig till minnes hur det var n\u00e4r min Endometrios &hellip; <a href=\"https:\/\/blog.skruttet.com\/?p=2003\">Forts\u00e4tt l\u00e4sa <span class=\"meta-nav\">&rarr;<\/span><\/a><\/p>\n","protected":false},"author":1,"featured_media":0,"comment_status":"open","ping_status":"open","sticky":false,"template":"","format":"standard","meta":[],"categories":[8,10,11],"tags":[],"_links":{"self":[{"href":"https:\/\/blog.skruttet.com\/index.php?rest_route=\/wp\/v2\/posts\/2003"}],"collection":[{"href":"https:\/\/blog.skruttet.com\/index.php?rest_route=\/wp\/v2\/posts"}],"about":[{"href":"https:\/\/blog.skruttet.com\/index.php?rest_route=\/wp\/v2\/types\/post"}],"author":[{"embeddable":true,"href":"https:\/\/blog.skruttet.com\/index.php?rest_route=\/wp\/v2\/users\/1"}],"replies":[{"embeddable":true,"href":"https:\/\/blog.skruttet.com\/index.php?rest_route=%2Fwp%2Fv2%2Fcomments&post=2003"}],"version-history":[{"count":0,"href":"https:\/\/blog.skruttet.com\/index.php?rest_route=\/wp\/v2\/posts\/2003\/revisions"}],"wp:attachment":[{"href":"https:\/\/blog.skruttet.com\/index.php?rest_route=%2Fwp%2Fv2%2Fmedia&parent=2003"}],"wp:term":[{"taxonomy":"category","embeddable":true,"href":"https:\/\/blog.skruttet.com\/index.php?rest_route=%2Fwp%2Fv2%2Fcategories&post=2003"},{"taxonomy":"post_tag","embeddable":true,"href":"https:\/\/blog.skruttet.com\/index.php?rest_route=%2Fwp%2Fv2%2Ftags&post=2003"}],"curies":[{"name":"wp","href":"https:\/\/api.w.org\/{rel}","templated":true}]}}