{"id":2035,"date":"2011-10-25T18:18:38","date_gmt":"2011-10-25T15:18:38","guid":{"rendered":"http:\/\/bloggen.fi\/skruttet\/?p=2035"},"modified":"2011-10-25T18:18:38","modified_gmt":"2011-10-25T15:18:38","slug":"oj-du-tappade-visst-nagot","status":"publish","type":"post","link":"https:\/\/blog.skruttet.com\/?p=2035","title":{"rendered":"Oj&#8230; Du tappade visst n\u00e5got!!"},"content":{"rendered":"<p>I vardagen \u00e4r jag van vid att folk tittar\/stirrar\/glor p\u00e5 mig. B\u00e5de medvetet och omedvetet.<br \/>\nVarf\u00f6r?? Jo, av den lilla enkla detaljen att jag r\u00f6r mig annorlunda, p\u00e5 ett s\u00e4tt som v\u00e4cker uppm\u00e4rksamhet. P\u00e5 kryckor, fram\u00e5tlutad med en fotst\u00e4llning ala Chaplin.<br \/>\nOch l\u00e5ngsamt g\u00e5r det, i allafall vissa dagar!<\/p>\n<p>Ibland \u00e4r det n\u00e4stan s\u00e5 man kan vara redo att f\u00e5nga upp \u00f6gona \u00e5t dem i fall de skulle r\u00e5ka<a href=\"http:\/\/www.skruttet.com\/blog\/wp-content\/uploads\/2011\/10\/stirra_aj_tshirt-p235844100994713384of18_210.jpg\"><img loading=\"lazy\" class=\"alignright size-full wp-image-2036\" src=\"http:\/\/www.skruttet.com\/blog\/wp-content\/uploads\/2011\/10\/stirra_aj_tshirt-p235844100994713384of18_210.jpg\" alt=\"\" width=\"210\" height=\"210\" srcset=\"https:\/\/blog.skruttet.com\/wp-content\/uploads\/2011\/10\/stirra_aj_tshirt-p235844100994713384of18_210.jpg 210w, https:\/\/blog.skruttet.com\/wp-content\/uploads\/2011\/10\/stirra_aj_tshirt-p235844100994713384of18_210-150x150.jpg 150w\" sizes=\"(max-width: 210px) 100vw, 210px\" \/><\/a> ploppa ur huvudet. Oj&#8230; Vars\u00e5god&#8230; Du tappade visst n\u00e5got! \ud83d\ude00\u00a0Men oftast t\u00e4nker jag bara: Oj, han\/hon kan inte ha sett folk f\u00f6rut&#8230;<\/p>\n<p>Eller kanske de tycker att jag \u00e4r vacker?? \ud83d\ude09<\/p>\n<p>Hur det \u00e4n \u00e4r s\u00e5 \u00e4r jag stolt \u00f6ver att jag KAN g\u00e5 med kryckor! Sen f\u00e5r det v\u00e4l se ut som det vill, det \u00e4r ju insidan som r\u00e4knas!! \ud83d\ude00<\/p>\n<p>Men det skulle vara kul att ha tr\u00f6jan p\u00e5 bilden! En s\u00e5n ska jag f\u00f6rs\u00f6ka hitta n\u00e5nstans \ud83d\ude00<br \/>\nDen m\u00e5ste jag bara ha!!<\/p>\n","protected":false},"excerpt":{"rendered":"<p>I vardagen \u00e4r jag van vid att folk tittar\/stirrar\/glor p\u00e5 mig. B\u00e5de medvetet och omedvetet. Varf\u00f6r?? Jo, av den lilla enkla detaljen att jag r\u00f6r mig annorlunda, p\u00e5 ett s\u00e4tt som v\u00e4cker uppm\u00e4rksamhet. P\u00e5 kryckor, fram\u00e5tlutad med en fotst\u00e4llning ala &hellip; <a href=\"https:\/\/blog.skruttet.com\/?p=2035\">Forts\u00e4tt l\u00e4sa <span class=\"meta-nav\">&rarr;<\/span><\/a><\/p>\n","protected":false},"author":1,"featured_media":0,"comment_status":"open","ping_status":"open","sticky":false,"template":"","format":"standard","meta":[],"categories":[10,16],"tags":[],"_links":{"self":[{"href":"https:\/\/blog.skruttet.com\/index.php?rest_route=\/wp\/v2\/posts\/2035"}],"collection":[{"href":"https:\/\/blog.skruttet.com\/index.php?rest_route=\/wp\/v2\/posts"}],"about":[{"href":"https:\/\/blog.skruttet.com\/index.php?rest_route=\/wp\/v2\/types\/post"}],"author":[{"embeddable":true,"href":"https:\/\/blog.skruttet.com\/index.php?rest_route=\/wp\/v2\/users\/1"}],"replies":[{"embeddable":true,"href":"https:\/\/blog.skruttet.com\/index.php?rest_route=%2Fwp%2Fv2%2Fcomments&post=2035"}],"version-history":[{"count":0,"href":"https:\/\/blog.skruttet.com\/index.php?rest_route=\/wp\/v2\/posts\/2035\/revisions"}],"wp:attachment":[{"href":"https:\/\/blog.skruttet.com\/index.php?rest_route=%2Fwp%2Fv2%2Fmedia&parent=2035"}],"wp:term":[{"taxonomy":"category","embeddable":true,"href":"https:\/\/blog.skruttet.com\/index.php?rest_route=%2Fwp%2Fv2%2Fcategories&post=2035"},{"taxonomy":"post_tag","embeddable":true,"href":"https:\/\/blog.skruttet.com\/index.php?rest_route=%2Fwp%2Fv2%2Ftags&post=2035"}],"curies":[{"name":"wp","href":"https:\/\/api.w.org\/{rel}","templated":true}]}}