{"id":2042,"date":"2011-10-26T17:02:11","date_gmt":"2011-10-26T14:02:11","guid":{"rendered":"http:\/\/bloggen.fi\/skruttet\/?p=2042"},"modified":"2011-10-26T17:02:11","modified_gmt":"2011-10-26T14:02:11","slug":"ryggsacken","status":"publish","type":"post","link":"https:\/\/blog.skruttet.com\/?p=2042","title":{"rendered":"Alltid leva i nuet???"},"content":{"rendered":"<p>Onsdag i dag. En bra s\u00e5dan \ud83d\ude42<\/p>\n<p>St\u00e4llde mig sj\u00e4lv fr\u00e5gan:<br \/>\nB\u00f6r man <strong>alltid<\/strong> leva i nuet och aldrig t\u00e4nka p\u00e5 det som var?<\/p>\n<p>Att bara\u00a0l\u00e4gga &#8221;locket p\u00e5&#8221; p\u00e5 det f\u00f6rflutna och g\u00e5 vidare&#8230;.?? Som om ingenting skulle ha h\u00e4nt?? \u00a0Ganska snart m\u00e4rker man att locket b\u00f6rjar l\u00e4tta, att det sv\u00e4mmar \u00f6ver och ju mer du skyfflar under locket desto mer j\u00e4ser det. Till slut spr\u00e4ngs ditt inre eller s\u00e5 blir man upp\u00e4ten av sin undantr\u00e4ngda sorg.<\/p>\n<p>Jag ville vara stark, jag ville orka leva med ett liv som innebar sm\u00e4rta. Jag var r\u00e4dd f\u00f6r att d\u00f6, men jag ville inte leva. Inte med den helvetiska sm\u00e4rta som det innebar.<br \/>\nJag k\u00e4nde mig ofta p\u00e5trampad inom v\u00e5rden, med upprepade unders\u00f6kningar och operationer. K\u00e4nde mig som ett enda stort underliv, upplevde att det var det enda man s\u00e5g. \u00a0F\u00f6r d\u00e4r satt ju problemet, sm\u00e4rtan&#8230; Endometriosen. Man gl\u00f6mde bort helheten. Man gl\u00f6mde bort samspelet mellan kropp och sj\u00e4l. Kalla mig naiv, MEN jag tror faktiskt att de hade en innerlig \u00f6nskan att hj\u00e4lpa mig &#8211; fr\u00e5gan var bara hur?<br \/>\nDet visste nog ingen och det sades ofta: &#8221;prova&#8221; eller &#8221;v\u00e4nta och se&#8221;<\/p>\n<p>Det erbj\u00f6ds inte n\u00e5gon samtalsterapi. Jag bad dom det sj\u00e4lv efter ett av otaliga bes\u00f6k. D\u00e5 var man snabb att hj\u00e4lpa! Halleluja, TACK!! Det var de b\u00e4sta som kunde ske!!<\/p>\n<p>Jag m\u00f6tte fullkomligt underbara \u00c4nglar, som s\u00e5g det fina i mig. Jag fick komma till tals och sj\u00e4len fick tillf\u00e4lle att sakta lappas i hop. \u00a0Jag hade inget som helst sj\u00e4lvf\u00f6rtroende kvar. Ingen livsgl\u00e4dje &#8211; Jag hade tappat bort mig sj\u00e4lv! Jag hade en k\u00e4nsla av att ha tappat \u00e5r av mitt liv. Efter Hysterektomin visste jag inte hur livet egentligen skulle se ut. Sm\u00e4rtan hade varit en del av mitt liv s\u00e5 l\u00e4nge &#8211; JAG var sm\u00e4rtan.<\/p>\n<p>I terapin tog man vara p\u00e5 min innerliga k\u00e4rlek till orden, ofta ombads jag skriva om k\u00e4nslan inom mig. S\u00e4tta ord p\u00e5 den och kanske hitta nya s\u00e4tt att t\u00e4nka. I dag k\u00e4nner jag stor gl\u00e4dje \u00f6ver m\u00f6tet med dessa \u00c4nglar, de betyder mycket. \u00a0Och det skapades en stabil grund att st\u00e5 p\u00e5. Fann redskapen som beh\u00f6vdes f\u00f6r att kunna hitta mig sj\u00e4lv igen.<\/p>\n<p>I dag \u00e4r jag s\u00e5 hel jag kan bli! Jag har lyft p\u00e5 locket&#8230; Spottat ut tankar och k\u00e4nslor och faktiskt \u00e4nda in i hj\u00e4rtat insett att: Jag var inte jobbig f\u00f6r att jag s\u00f6kte v\u00e5rd p.g.a. sm\u00e4rtan, det var inte mitt fel! Och att man har r\u00e4tt att s\u00e4ga stopp, att allt f\u00f6r m\u00e5nga &#8221;v\u00e4nta och se&#8221; inte \u00e4r OK!<\/p>\n<p>I dag drar man nytta av den kunskap jag b\u00e4r. Jag ges m\u00f6jlighet att aktivt delta i den egna v\u00e5rden, samtidigt som jag har vetskapen om vart jag ska ringa om det dyker upp n\u00e5gra fr\u00e5gor. Jag kunde vara arg och bitter. Men v\u00e4ljer ist\u00e4llet att lyssna p\u00e5 hj\u00e4rtat som s\u00e4ger att jag ska anv\u00e4nda ryggs\u00e4cken &#8211; det f\u00f6rflutna p\u00e5 b\u00e4sta s\u00e4tt.<\/p>\n<p>De v\u00e5rdande \u00c4nglarna \u00e4r trots allt bara m\u00e4nniskor s\u00e5 som du och jag. Och kan inneh\u00e5llet i min ryggs\u00e4ck hj\u00e4lpa n\u00e5gon \u00c4ngel att hj\u00e4lpa n\u00e5gon annan. Ja d\u00e5 ska de f\u00e5 m\u00f6jlighet att g\u00f6ra det! Punkt slut!<\/p>\n<p>Livets Ryggs\u00e4ck formar dig till den du \u00e4r &#8211; L\u00e4r dig av den. L\u00e5t den l\u00e4ra dig leva h\u00e4r och nu, \u00e4ven om det kan k\u00e4nnas obekv\u00e4mt en stund. V\u00e5ga f\u00f6r\u00e4ndra det du inte trivs med och ta vara p\u00e5 det som g\u00f6r dig lycklig,\u00a0till\u00e5t dig sj\u00e4lv att v\u00e4xa och utvecklas!<\/p>\n<p>\u00c4nglakramar!<\/p>\n<p style=\"text-align: center\"><a href=\"http:\/\/www.youtube.com\/watch?NR=1&amp;v=vmKsCMgROCQ\" target=\"_blank\">Miley Cyrus &#8211; The Climb<\/a><\/p>\n","protected":false},"excerpt":{"rendered":"<p>Onsdag i dag. En bra s\u00e5dan \ud83d\ude42 St\u00e4llde mig sj\u00e4lv fr\u00e5gan: B\u00f6r man alltid leva i nuet och aldrig t\u00e4nka p\u00e5 det som var? Att bara\u00a0l\u00e4gga &#8221;locket p\u00e5&#8221; p\u00e5 det f\u00f6rflutna och g\u00e5 vidare&#8230;.?? Som om ingenting skulle ha h\u00e4nt?? &hellip; <a href=\"https:\/\/blog.skruttet.com\/?p=2042\">Forts\u00e4tt l\u00e4sa <span class=\"meta-nav\">&rarr;<\/span><\/a><\/p>\n","protected":false},"author":1,"featured_media":0,"comment_status":"open","ping_status":"open","sticky":false,"template":"","format":"standard","meta":[],"categories":[8,11,14],"tags":[],"_links":{"self":[{"href":"https:\/\/blog.skruttet.com\/index.php?rest_route=\/wp\/v2\/posts\/2042"}],"collection":[{"href":"https:\/\/blog.skruttet.com\/index.php?rest_route=\/wp\/v2\/posts"}],"about":[{"href":"https:\/\/blog.skruttet.com\/index.php?rest_route=\/wp\/v2\/types\/post"}],"author":[{"embeddable":true,"href":"https:\/\/blog.skruttet.com\/index.php?rest_route=\/wp\/v2\/users\/1"}],"replies":[{"embeddable":true,"href":"https:\/\/blog.skruttet.com\/index.php?rest_route=%2Fwp%2Fv2%2Fcomments&post=2042"}],"version-history":[{"count":0,"href":"https:\/\/blog.skruttet.com\/index.php?rest_route=\/wp\/v2\/posts\/2042\/revisions"}],"wp:attachment":[{"href":"https:\/\/blog.skruttet.com\/index.php?rest_route=%2Fwp%2Fv2%2Fmedia&parent=2042"}],"wp:term":[{"taxonomy":"category","embeddable":true,"href":"https:\/\/blog.skruttet.com\/index.php?rest_route=%2Fwp%2Fv2%2Fcategories&post=2042"},{"taxonomy":"post_tag","embeddable":true,"href":"https:\/\/blog.skruttet.com\/index.php?rest_route=%2Fwp%2Fv2%2Ftags&post=2042"}],"curies":[{"name":"wp","href":"https:\/\/api.w.org\/{rel}","templated":true}]}}