{"id":2087,"date":"2011-10-30T15:03:06","date_gmt":"2011-10-30T13:03:06","guid":{"rendered":"http:\/\/bloggen.fi\/skruttet\/?p=2087"},"modified":"2011-10-30T15:03:06","modified_gmt":"2011-10-30T13:03:06","slug":"sondag-igen","status":"publish","type":"post","link":"https:\/\/blog.skruttet.com\/?p=2087","title":{"rendered":"S\u00f6ndag igen&#8230;."},"content":{"rendered":"<p>\u00c4nnu en sk\u00f6n S\u00f6ndag har det varit s\u00e5 h\u00e4r l\u00e5ngt \ud83d\ude42<br \/>\nLugn morgon med kaffe, mackor och nyhetsmorgon p\u00e5 TV. Hush\u00e5llets fyrbenta inneboende<a href=\"http:\/\/www.skruttet.com\/blog\/wp-content\/uploads\/2011\/10\/relaxing_sunday-8085.jpg\"><img loading=\"lazy\" class=\"alignright size-medium wp-image-2088\" src=\"http:\/\/www.skruttet.com\/blog\/wp-content\/uploads\/2011\/10\/relaxing_sunday-8085-300x185.jpg\" alt=\"\" width=\"300\" height=\"185\" srcset=\"https:\/\/blog.skruttet.com\/wp-content\/uploads\/2011\/10\/relaxing_sunday-8085-300x185.jpg 300w, https:\/\/blog.skruttet.com\/wp-content\/uploads\/2011\/10\/relaxing_sunday-8085.jpg 371w\" sizes=\"(max-width: 300px) 100vw, 300px\" \/><\/a> ligger utstr\u00e4ckta p\u00e5 soffan, alla tre. M\u00e4tta och bel\u00e5tna \ud83d\ude42<\/p>\n<p>G\u00e5rdagens middag blev riktigt god och i dag har vi n\u00f6jet att f\u00e5 \u00e4ta rester \ud83d\ude42<br \/>\nBara att koka potatis till s\u00e5 \u00e4r det klart!<\/p>\n<p>Ett dovt ljud h\u00f6rs fr\u00e5n tv\u00e4ttmaskinens surrande i hj\u00e4lpk\u00f6ket.<br \/>\nTur att tv\u00e4ttmaskinen uppfanns s\u00e5 man slipper tv\u00e4tta f\u00f6r hand som man gjorde f\u00f6rr i tiden. D\u00e5 var det bara att laga sig ner till sj\u00f6n, ta tv\u00e4ttbr\u00e4det med &#8211; s\u00e4tta sig p\u00e5 huk och skrubba f\u00f6r brinnk\u00e4ra livet.<\/p>\n<p>S\u00e5 som de gjorde i den vackra filmen om Stormsk\u00e4rs Maja. Har du inte sett filmen s\u00e5 rekommenderar jag den varmt! Fantastisk musik \u00e4r det i den!<\/p>\n<p>En sk\u00f6n fortsatt S\u00f6ndag \u00f6nskar jag dig som kikar in och p\u00e5minner om att sommartiden slutar &#8211; vilket inneb\u00e4r att klockan ska en timme bak\u00e5t. P\u00e5minner givetvis ocks\u00e5 om\u00a0<a href=\"http:\/\/www.youtube.com\/watch?v=NgW-A0BI3Ec\">Beckfilmen<\/a> som kommer i kv\u00e4ll. D\u00e5 sitter vi som klistrade framf\u00f6r rutan. Filmerna om Martin Beck (P. Haber) och Gunvald Larsson (M. Persbrandt) \u00e4r stora favoriter!<\/p>\n<p>\u00c4nglakramar!<\/p>\n<p style=\"text-align: center\"><a href=\"http:\/\/www.youtube.com\/watch?v=41qsbRoW3es&amp;feature=related\" target=\"_blank\">Lasse M\u00e5rtenson &#8211; Stormsk\u00e4rs Maja<\/a><\/p>\n","protected":false},"excerpt":{"rendered":"<p>\u00c4nnu en sk\u00f6n S\u00f6ndag har det varit s\u00e5 h\u00e4r l\u00e5ngt \ud83d\ude42 Lugn morgon med kaffe, mackor och nyhetsmorgon p\u00e5 TV. Hush\u00e5llets fyrbenta inneboende ligger utstr\u00e4ckta p\u00e5 soffan, alla tre. M\u00e4tta och bel\u00e5tna \ud83d\ude42 G\u00e5rdagens middag blev riktigt god och i &hellip; <a href=\"https:\/\/blog.skruttet.com\/?p=2087\">Forts\u00e4tt l\u00e4sa <span class=\"meta-nav\">&rarr;<\/span><\/a><\/p>\n","protected":false},"author":1,"featured_media":0,"comment_status":"open","ping_status":"open","sticky":false,"template":"","format":"standard","meta":[],"categories":[16],"tags":[],"_links":{"self":[{"href":"https:\/\/blog.skruttet.com\/index.php?rest_route=\/wp\/v2\/posts\/2087"}],"collection":[{"href":"https:\/\/blog.skruttet.com\/index.php?rest_route=\/wp\/v2\/posts"}],"about":[{"href":"https:\/\/blog.skruttet.com\/index.php?rest_route=\/wp\/v2\/types\/post"}],"author":[{"embeddable":true,"href":"https:\/\/blog.skruttet.com\/index.php?rest_route=\/wp\/v2\/users\/1"}],"replies":[{"embeddable":true,"href":"https:\/\/blog.skruttet.com\/index.php?rest_route=%2Fwp%2Fv2%2Fcomments&post=2087"}],"version-history":[{"count":0,"href":"https:\/\/blog.skruttet.com\/index.php?rest_route=\/wp\/v2\/posts\/2087\/revisions"}],"wp:attachment":[{"href":"https:\/\/blog.skruttet.com\/index.php?rest_route=%2Fwp%2Fv2%2Fmedia&parent=2087"}],"wp:term":[{"taxonomy":"category","embeddable":true,"href":"https:\/\/blog.skruttet.com\/index.php?rest_route=%2Fwp%2Fv2%2Fcategories&post=2087"},{"taxonomy":"post_tag","embeddable":true,"href":"https:\/\/blog.skruttet.com\/index.php?rest_route=%2Fwp%2Fv2%2Ftags&post=2087"}],"curies":[{"name":"wp","href":"https:\/\/api.w.org\/{rel}","templated":true}]}}