{"id":2094,"date":"2011-10-31T10:29:00","date_gmt":"2011-10-31T08:29:00","guid":{"rendered":"http:\/\/bloggen.fi\/skruttet\/?p=2094"},"modified":"2011-10-31T10:29:00","modified_gmt":"2011-10-31T08:29:00","slug":"2094","status":"publish","type":"post","link":"https:\/\/blog.skruttet.com\/?p=2094","title":{"rendered":"M\u00e5ndagstankar fr\u00e5n Skruttet"},"content":{"rendered":"<p>Den sista m\u00e5ndagen i Oktober har vi i dag.<br \/>\nSolen skickar ut n\u00e5gra str\u00e5lar, m\u00f6ter diset och f\u00e5r fj\u00e4rden att visa sig fr\u00e5n sin vackraste sida! S\u00e5 lugnt och stilla&#8230; \u00a0Det \u00e4r lite som k\u00e4rlek vid f\u00f6rsta \u00f6gonkastet och jag minns hur det<a href=\"http:\/\/www.skruttet.com\/blog\/wp-content\/uploads\/2011\/10\/helping-hand.jpg\"><img loading=\"lazy\" class=\"alignright size-medium wp-image-2100\" src=\"http:\/\/www.skruttet.com\/blog\/wp-content\/uploads\/2011\/10\/helping-hand-300x198.jpg\" alt=\"\" width=\"300\" height=\"198\" srcset=\"https:\/\/blog.skruttet.com\/wp-content\/uploads\/2011\/10\/helping-hand-300x198.jpg 300w, https:\/\/blog.skruttet.com\/wp-content\/uploads\/2011\/10\/helping-hand.jpg 395w\" sizes=\"(max-width: 300px) 100vw, 300px\" \/><\/a> var n\u00e4r vi f\u00f6rsta g\u00e5ngen klev in p\u00e5 husvisningen av v\u00e5r \u00c4nglag\u00e5rd \ud83d\ude42<\/p>\n<p>Jag b\u00f6kade mig upp f\u00f6r trappan som d\u00e5 endast bestod av staplade trallar och st\u00e4llde mig p\u00e5 verandan&#8230; Jag vred p\u00e5 huvudet och s\u00e5g fj\u00e4rden i en lika vacker skepnad som nu!<br \/>\nVi \u00f6ppnade d\u00f6rren. Klev f\u00f6rsiktigt in. En doft av nytt, blandat med m\u00e5lf\u00e4rg n\u00e4stan stack i n\u00e4san. Byggdammet l\u00e5g som en tunn hinna \u00f6ver hela huset. Men vad gjorde det?? N\u00e4r rundvandringen var klar var vi S\u00c5LDA!! H\u00e4r ville vi bo!<\/p>\n<p>Nu har vi bott h\u00e4r ett tag och trivs alldeles f\u00f6rtr\u00e4ffligt bra i v\u00e5r fina \u00c4nglag\u00e5rd. Jag l\u00e4ngtar hem till mitt ursprung ofta. Det g\u00f6r jag! Ibland blir l\u00e4ngtan och saknaden m\u00e4ktigt p\u00e5taglig och jag gr\u00e5ter. Men i hj\u00e4rtat k\u00e4nner jag samtidigt att det \u00e4nda som kr\u00e4vs \u00e4r tid. Och att jag ska ta vara p\u00e5 de m\u00f6jligheter som kommer.<\/p>\n<p>Tidigare skapade heml\u00e4ngtan ett starkt behov av att vilja tillbaka. Det var sv\u00e5rt att veta hur jag skulle hantera allt det nya runt om mig. Detta trots att jag innerligt \u00e4lskar nya m\u00f6ten och platser. Men nu betydde det att hela plattformen skulle byggas upp p\u00e5 nytt.<br \/>\nNu \u00e4r den n\u00f6dv\u00e4ndigaste byr\u00e5kratin som f\u00f6ljer med min funktionsneds\u00e4ttning ordnad.<br \/>\nDet n\u00f6dv\u00e4ndigaste byr\u00e5kratiska n\u00e4tverket fungerar helt OK.<br \/>\nSK\u00d6NT!!<\/p>\n<p>Med mig i hj\u00e4rtat b\u00e4r jag st\u00e4ndigt fantastiska \u00c4nglar fr\u00e5n mitt ursprung. Vi tr\u00e4ffas n\u00e4stan dagligen i cyberv\u00e4rlden och ringer med j\u00e4mna mellanrum. \u00c4ven om vi inte kan ses fysiskt s\u00e5 \u00e4r vi \u00e4nd\u00e5 psykiskt n\u00e4ra genom cyberrymden \ud83d\ude42<br \/>\nMan f\u00e5r helt enkelt ta vad som finns till buds.<\/p>\n<p>Tror mig nu ha hittat ett s\u00e4tt att f\u00f6rh\u00e5lla mig till allt det nya, till saknaden och l\u00e4ngtan.<br \/>\nDet var det som beh\u00f6vdes och varje dag l\u00e4r allt det nya (som inte l\u00e4ngre \u00e4r s\u00e5 nytt) n\u00e5got nytt \ud83d\ude09<\/p>\n<p>Det tycks vara n\u00e5gon eller n\u00e5gra som l\u00e4ser orden som st\u00e5r skriva i min lilla \u00c4nglavr\u00e5 \ud83d\ude42 Tack f\u00f6r alla fina, v\u00e4rmande ord ni ger mig!<br \/>\nVarma \u00c4nglakramar!!<\/p>\n","protected":false},"excerpt":{"rendered":"<p>Den sista m\u00e5ndagen i Oktober har vi i dag. Solen skickar ut n\u00e5gra str\u00e5lar, m\u00f6ter diset och f\u00e5r fj\u00e4rden att visa sig fr\u00e5n sin vackraste sida! S\u00e5 lugnt och stilla&#8230; \u00a0Det \u00e4r lite som k\u00e4rlek vid f\u00f6rsta \u00f6gonkastet och jag &hellip; <a href=\"https:\/\/blog.skruttet.com\/?p=2094\">Forts\u00e4tt l\u00e4sa <span class=\"meta-nav\">&rarr;<\/span><\/a><\/p>\n","protected":false},"author":1,"featured_media":0,"comment_status":"open","ping_status":"open","sticky":false,"template":"","format":"standard","meta":[],"categories":[10,14,16],"tags":[],"_links":{"self":[{"href":"https:\/\/blog.skruttet.com\/index.php?rest_route=\/wp\/v2\/posts\/2094"}],"collection":[{"href":"https:\/\/blog.skruttet.com\/index.php?rest_route=\/wp\/v2\/posts"}],"about":[{"href":"https:\/\/blog.skruttet.com\/index.php?rest_route=\/wp\/v2\/types\/post"}],"author":[{"embeddable":true,"href":"https:\/\/blog.skruttet.com\/index.php?rest_route=\/wp\/v2\/users\/1"}],"replies":[{"embeddable":true,"href":"https:\/\/blog.skruttet.com\/index.php?rest_route=%2Fwp%2Fv2%2Fcomments&post=2094"}],"version-history":[{"count":0,"href":"https:\/\/blog.skruttet.com\/index.php?rest_route=\/wp\/v2\/posts\/2094\/revisions"}],"wp:attachment":[{"href":"https:\/\/blog.skruttet.com\/index.php?rest_route=%2Fwp%2Fv2%2Fmedia&parent=2094"}],"wp:term":[{"taxonomy":"category","embeddable":true,"href":"https:\/\/blog.skruttet.com\/index.php?rest_route=%2Fwp%2Fv2%2Fcategories&post=2094"},{"taxonomy":"post_tag","embeddable":true,"href":"https:\/\/blog.skruttet.com\/index.php?rest_route=%2Fwp%2Fv2%2Ftags&post=2094"}],"curies":[{"name":"wp","href":"https:\/\/api.w.org\/{rel}","templated":true}]}}