{"id":2107,"date":"2011-10-31T17:32:04","date_gmt":"2011-10-31T15:32:04","guid":{"rendered":"http:\/\/bloggen.fi\/skruttet\/?p=2107"},"modified":"2011-10-31T17:32:04","modified_gmt":"2011-10-31T15:32:04","slug":"forst-kommer-morgondagen","status":"publish","type":"post","link":"https:\/\/blog.skruttet.com\/?p=2107","title":{"rendered":"F\u00f6rst kommer morgondagen&#8230;."},"content":{"rendered":"<p>I morgon \u00e4r det tidig v\u00e4ckning.<br \/>\nVi tar oss X antal timmar s\u00f6derut.<br \/>\nDet \u00e4r dags f\u00f6r ett bes\u00f6k hos De v\u00e5rdande \u00c4nglarna. Statuskoll inf\u00f6r kommande operation.<br \/>\nBlodprov ska tas, r\u00f6ntgenunders\u00f6kning ska g\u00f6ras och det ska v\u00e4ndas, vridas, k\u00e4nnas och kl\u00e4mmas p\u00e5 mina f\u00f6tter.<\/p>\n<p>Jag tycker inte om k\u00e4nslan jag har just nu! K\u00e4nslan av att n\u00e5got v\u00e4ntar. Och jag vet inte hur det kommer att vara efter\u00e5t. Under morgondagen kommer jag att i korthet delge v\u00e5rdande \u00c4nglarna mina tidigare upplevelser. Jag vet att de kan sin sak, jag vet att de kommer att lyssna och jag vet att de kommer att f\u00f6rs\u00f6ka f\u00f6rst\u00e5! Det talar mitt inre om.<\/p>\n<p>Men huvudet minns och undrar: Kommer de att ta mig p\u00e5 allvar??<\/p>\n<p>Jag\/vi kan inte annat \u00e4n att hoppas!!<br \/>\nUnder kv\u00e4llen kommer vi hem f\u00f6r att 1 vecka senare \u00e5ter ta oss s\u00f6derut.<br \/>\n9.11 \u00e4r dagen d\u00e5 jag \u00e5ter sover djupt p\u00e5 en b\u00e4dd av \u00c4nglavingar, totalt vilande i h\u00e4nderna p\u00e5 dessa kunniga och specialiserade v\u00e5rdade \u00c4nglar.<\/p>\n<p>Men f\u00f6rst kommer morgondagen&#8230;.<\/p>\n","protected":false},"excerpt":{"rendered":"<p>I morgon \u00e4r det tidig v\u00e4ckning. Vi tar oss X antal timmar s\u00f6derut. Det \u00e4r dags f\u00f6r ett bes\u00f6k hos De v\u00e5rdande \u00c4nglarna. Statuskoll inf\u00f6r kommande operation. Blodprov ska tas, r\u00f6ntgenunders\u00f6kning ska g\u00f6ras och det ska v\u00e4ndas, vridas, k\u00e4nnas och &hellip; <a href=\"https:\/\/blog.skruttet.com\/?p=2107\">Forts\u00e4tt l\u00e4sa <span class=\"meta-nav\">&rarr;<\/span><\/a><\/p>\n","protected":false},"author":1,"featured_media":0,"comment_status":"open","ping_status":"open","sticky":false,"template":"","format":"standard","meta":[],"categories":[13,14],"tags":[],"_links":{"self":[{"href":"https:\/\/blog.skruttet.com\/index.php?rest_route=\/wp\/v2\/posts\/2107"}],"collection":[{"href":"https:\/\/blog.skruttet.com\/index.php?rest_route=\/wp\/v2\/posts"}],"about":[{"href":"https:\/\/blog.skruttet.com\/index.php?rest_route=\/wp\/v2\/types\/post"}],"author":[{"embeddable":true,"href":"https:\/\/blog.skruttet.com\/index.php?rest_route=\/wp\/v2\/users\/1"}],"replies":[{"embeddable":true,"href":"https:\/\/blog.skruttet.com\/index.php?rest_route=%2Fwp%2Fv2%2Fcomments&post=2107"}],"version-history":[{"count":0,"href":"https:\/\/blog.skruttet.com\/index.php?rest_route=\/wp\/v2\/posts\/2107\/revisions"}],"wp:attachment":[{"href":"https:\/\/blog.skruttet.com\/index.php?rest_route=%2Fwp%2Fv2%2Fmedia&parent=2107"}],"wp:term":[{"taxonomy":"category","embeddable":true,"href":"https:\/\/blog.skruttet.com\/index.php?rest_route=%2Fwp%2Fv2%2Fcategories&post=2107"},{"taxonomy":"post_tag","embeddable":true,"href":"https:\/\/blog.skruttet.com\/index.php?rest_route=%2Fwp%2Fv2%2Ftags&post=2107"}],"curies":[{"name":"wp","href":"https:\/\/api.w.org\/{rel}","templated":true}]}}