{"id":2109,"date":"2011-11-02T09:57:22","date_gmt":"2011-11-02T07:57:22","guid":{"rendered":"http:\/\/bloggen.fi\/skruttet\/?p=2109"},"modified":"2011-11-02T09:57:22","modified_gmt":"2011-11-02T07:57:22","slug":"tagen-av-tanken","status":"publish","type":"post","link":"https:\/\/blog.skruttet.com\/?p=2109","title":{"rendered":"Tagen av tanken&#8230;."},"content":{"rendered":"<p>Det \u00e4r morgon, alldeles f\u00f6r tidigt! Tr\u00f6tt!<br \/>\nG\u00e5rdagens bes\u00f6k gick helt ok \ud83d\ude42 K\u00e4nner jag nu efter nattens s\u00f6mn.<br \/>\nDet v\u00e4ndes, vreds och fr\u00e5gades.<br \/>\nG\u00f6r det ont h\u00e4r, h\u00e4r eller h\u00e4r? G\u00f6r det ont d\u00e5?\u00a0Eller bra d\u00e5??<br \/>\nDen v\u00e5rdande \u00c4ngeln ber\u00e4ttade, f\u00f6rklarade och visade.<br \/>\nOch sa tillslut:<br \/>\nStor operation, jag \u00e4r svettig efter\u00e5t..<\/p>\n<p>Kort efter\u00e5t kom fr\u00e5gan:<br \/>\nVill du ha ryggm\u00e4rgsbed\u00f6vning som sm\u00e4rtlindring?<br \/>\nJag mindes himmelriket efter Hysterektomin, det \u00e4r nog enda g\u00e5ngen som jag kan s\u00e4ga att det inte varit n\u00e5gra problem med sm\u00e4rta efter\u00e5t. Viket jag ocks\u00e5 ber\u00e4ttade. Saken var klar och jag var lycklig \u00f6ver att den positiva upplevelsen tas tillvara och att mina\/v\u00e5ra funderingar togs p\u00e5 allvar!! \ud83d\ude00<\/p>\n<p>Sammanfattningsvis:<br \/>\nJag k\u00e4nner mig lugnare nu d\u00e5 jag vet mer. F\u00f6tternas st\u00e4llning har inte f\u00f6r\u00e4ndrats n\u00e4mnv\u00e4rt sedan senaste bes\u00f6k. R\u00e4tt sp\u00e4nnande var det att se bilderna samtidigt som Den v\u00e5rdande \u00c4ngeln f\u00f6rklarade&#8230;<br \/>\nMin tanke: Vilka f\u00f6tter jag har \ud83d\ude00<br \/>\nInte konstigt att det k\u00e4nns och ser lite udda ut n\u00e4r jag g\u00e5r!<\/p>\n<p>Delresultatet jag sj\u00e4lv ser: En v\u00e4lbed\u00f6vad Skuttet, ett stycke svettigt specialiserat operationsteam, en stelopererad del (som jag \u00e4nd\u00e5 inte anv\u00e4nder) av fotleden, 4 skruvar och lite brickor samt gips i 8 v, varav n\u00e5gra omgipsningar f\u00f6r stygnborttag och kontroller.<a href=\"http:\/\/www.skruttet.com\/blog\/wp-content\/uploads\/2011\/11\/blomma1.jpg\"><img loading=\"lazy\" class=\"alignright size-medium wp-image-2110\" src=\"http:\/\/www.skruttet.com\/blog\/wp-content\/uploads\/2011\/11\/blomma1-240x300.jpg\" alt=\"\" width=\"240\" height=\"300\" srcset=\"https:\/\/blog.skruttet.com\/wp-content\/uploads\/2011\/11\/blomma1-240x300.jpg 240w, https:\/\/blog.skruttet.com\/wp-content\/uploads\/2011\/11\/blomma1.jpg 500w\" sizes=\"(max-width: 240px) 100vw, 240px\" \/><\/a><\/p>\n<p>Denna g\u00e5ng \u00a0ska jag \u00a0upp och r\u00f6ra p\u00e5 mig s\u00e5 fort som m\u00f6jligt, under 2 v f\u00e5r jag inte alls s\u00e4tta tyngd &#8211; vilket betyder relativt or\u00f6rlig d\u00e5. \u00a0Sen tillbaka f\u00f6r ny r\u00f6ntgen , stygnborttag och omgips.<\/p>\n<p>M\u00e4ngder med tr\u00e4ning kommer det att beh\u00f6vas, men jag vet att jag har vad som kr\u00e4vs och den behandlande \u00c4ngeln och jag kommer ju riktigt bra \u00f6verens s\u00e5 jag tycker att det bara ska bli kul att tr\u00e4na!<\/p>\n<p>Jag bereder mig p\u00e5 bakslag, f\u00f6rbereder mig mentalt och fysiskt f\u00f6r sm\u00e4rthantering och en stor dos j\u00e4vlar anamma. Men om det skulle kunna vara m\u00e5ttligt n\u00e5ng\u00e5ng&#8230; Puh&#8230;<br \/>\nJag kan r\u00e4kna med en rehab tid p\u00e5 6 m\u00e5n denna g\u00e5ng.<\/p>\n<p>Jag gissar att det under dessa m\u00e5nader kommer att bli m\u00e5nga ord skrivna h\u00e4r \ud83d\ude00<br \/>\nN\u00e4r rehabiliteringen &#8211; Skruttets Tr\u00e4ningsl\u00e4ger startar.<\/p>\n<p>Men allts\u00e5&#8230;. Det ska bli som en &#8221;ny&#8221; fot! Jag m\u00e5ste s\u00e4ga att jag \u00e4r lite tagen av tanken och skapar den nya Kategorin: Skruttets Tr\u00e4ningsl\u00e4ger &#8211; V\u00e4gen till en ny fot.<\/p>\n<p>\u00c4nglakramar!!<\/p>\n","protected":false},"excerpt":{"rendered":"<p>Det \u00e4r morgon, alldeles f\u00f6r tidigt! Tr\u00f6tt! G\u00e5rdagens bes\u00f6k gick helt ok \ud83d\ude42 K\u00e4nner jag nu efter nattens s\u00f6mn. Det v\u00e4ndes, vreds och fr\u00e5gades. G\u00f6r det ont h\u00e4r, h\u00e4r eller h\u00e4r? G\u00f6r det ont d\u00e5?\u00a0Eller bra d\u00e5?? Den v\u00e5rdande \u00c4ngeln &hellip; <a href=\"https:\/\/blog.skruttet.com\/?p=2109\">Forts\u00e4tt l\u00e4sa <span class=\"meta-nav\">&rarr;<\/span><\/a><\/p>\n","protected":false},"author":1,"featured_media":0,"comment_status":"open","ping_status":"open","sticky":false,"template":"","format":"standard","meta":[],"categories":[10,13,16],"tags":[],"_links":{"self":[{"href":"https:\/\/blog.skruttet.com\/index.php?rest_route=\/wp\/v2\/posts\/2109"}],"collection":[{"href":"https:\/\/blog.skruttet.com\/index.php?rest_route=\/wp\/v2\/posts"}],"about":[{"href":"https:\/\/blog.skruttet.com\/index.php?rest_route=\/wp\/v2\/types\/post"}],"author":[{"embeddable":true,"href":"https:\/\/blog.skruttet.com\/index.php?rest_route=\/wp\/v2\/users\/1"}],"replies":[{"embeddable":true,"href":"https:\/\/blog.skruttet.com\/index.php?rest_route=%2Fwp%2Fv2%2Fcomments&post=2109"}],"version-history":[{"count":0,"href":"https:\/\/blog.skruttet.com\/index.php?rest_route=\/wp\/v2\/posts\/2109\/revisions"}],"wp:attachment":[{"href":"https:\/\/blog.skruttet.com\/index.php?rest_route=%2Fwp%2Fv2%2Fmedia&parent=2109"}],"wp:term":[{"taxonomy":"category","embeddable":true,"href":"https:\/\/blog.skruttet.com\/index.php?rest_route=%2Fwp%2Fv2%2Fcategories&post=2109"},{"taxonomy":"post_tag","embeddable":true,"href":"https:\/\/blog.skruttet.com\/index.php?rest_route=%2Fwp%2Fv2%2Ftags&post=2109"}],"curies":[{"name":"wp","href":"https:\/\/api.w.org\/{rel}","templated":true}]}}