{"id":2158,"date":"2011-11-06T18:13:15","date_gmt":"2011-11-06T16:13:15","guid":{"rendered":"http:\/\/bloggen.fi\/skruttet\/?p=2158"},"modified":"2011-11-06T18:13:15","modified_gmt":"2011-11-06T16:13:15","slug":"en-sondag-av-basta-sort","status":"publish","type":"post","link":"https:\/\/blog.skruttet.com\/?p=2158","title":{"rendered":"En s\u00f6ndag av b\u00e4sta sort&#8230;."},"content":{"rendered":"<p>En lugn och sk\u00f6n s\u00f6ndag har det varit h\u00e4r i \u00c4nglag\u00e5rden i dag.<\/p>\n<p>Ett bes\u00f6k till aff\u00e4ren och apoteket har det blivit. Sk\u00e5pen har fyllts p\u00e5 inf\u00f6r kommande hemmavistelse. Sk\u00f6nt att ha det n\u00f6dv\u00e4ndigaste (s\u00e5 som bla ljus \ud83d\ude09 ) hemma!<\/p>\n<p>Trevligt bes\u00f6k av rara \u00c4nglar har vi ocks\u00e5 haft.\u00a0Jag bryggde en panna kaffe och tog framen p\u00e5se kex och en halvfull burk med pepparkakor och satt p\u00e5 bordet, slog mig ner och nj\u00f6t till fullo av okomplicerad kvalitetstid. H\u00e4rligt! V\u00e4rmde hj\u00e4rtat massor! \ud83d\ude42<\/p>\n<p><img loading=\"lazy\" class=\"alignright size-medium wp-image-2162\" src=\"http:\/\/www.skruttet.com\/blog\/wp-content\/uploads\/2011\/11\/martin-Beck-300x202.jpg\" alt=\"\" width=\"300\" height=\"202\" srcset=\"https:\/\/blog.skruttet.com\/wp-content\/uploads\/2011\/11\/martin-Beck-300x202.jpg 300w, https:\/\/blog.skruttet.com\/wp-content\/uploads\/2011\/11\/martin-Beck.jpg 440w\" sizes=\"(max-width: 300px) 100vw, 300px\" \/><\/p>\n<p>Ett dovt surr fr\u00e5n tv\u00e4ttmaskinen h\u00f6rs och vattnet har bytts \u00e5t v\u00e5ra simmande v\u00e4nner.<br \/>\nNu \u00e4r glasl\u00e5dan &#8211; av b\u00e5de st\u00f6rre och mindre modell rena och fina igen, pumparna likas\u00e5.<br \/>\nN\u00f6jda och glada simmar de runt och \u00e4ter tidigare \u00a0undang\u00f6mda l\u00e4ckerheter fr\u00e5n botten.\u00a0Ett riktigt fint kalas har de, en helt vanlig s\u00f6ndag i b\u00f6rjan av November \ud83d\ude00<\/p>\n<p>Vi sj\u00e4lva kommer att kalasa p\u00e5 rester fr\u00e5n g\u00e5rdagen och under kv\u00e4llen kommer kommisarie Martin Beck och hans kolleger att h\u00e5lla oss s\u00e4llskap. \ud83d\ude42<\/p>\n<p>En s\u00f6ndag av b\u00e4sta sort helt enkelt,<br \/>\n\u00c4nglakramar!<\/p>\n","protected":false},"excerpt":{"rendered":"<p>En lugn och sk\u00f6n s\u00f6ndag har det varit h\u00e4r i \u00c4nglag\u00e5rden i dag. Ett bes\u00f6k till aff\u00e4ren och apoteket har det blivit. Sk\u00e5pen har fyllts p\u00e5 inf\u00f6r kommande hemmavistelse. Sk\u00f6nt att ha det n\u00f6dv\u00e4ndigaste (s\u00e5 som bla ljus \ud83d\ude09 ) &hellip; <a href=\"https:\/\/blog.skruttet.com\/?p=2158\">Forts\u00e4tt l\u00e4sa <span class=\"meta-nav\">&rarr;<\/span><\/a><\/p>\n","protected":false},"author":1,"featured_media":0,"comment_status":"open","ping_status":"open","sticky":false,"template":"","format":"standard","meta":[],"categories":[16],"tags":[],"_links":{"self":[{"href":"https:\/\/blog.skruttet.com\/index.php?rest_route=\/wp\/v2\/posts\/2158"}],"collection":[{"href":"https:\/\/blog.skruttet.com\/index.php?rest_route=\/wp\/v2\/posts"}],"about":[{"href":"https:\/\/blog.skruttet.com\/index.php?rest_route=\/wp\/v2\/types\/post"}],"author":[{"embeddable":true,"href":"https:\/\/blog.skruttet.com\/index.php?rest_route=\/wp\/v2\/users\/1"}],"replies":[{"embeddable":true,"href":"https:\/\/blog.skruttet.com\/index.php?rest_route=%2Fwp%2Fv2%2Fcomments&post=2158"}],"version-history":[{"count":0,"href":"https:\/\/blog.skruttet.com\/index.php?rest_route=\/wp\/v2\/posts\/2158\/revisions"}],"wp:attachment":[{"href":"https:\/\/blog.skruttet.com\/index.php?rest_route=%2Fwp%2Fv2%2Fmedia&parent=2158"}],"wp:term":[{"taxonomy":"category","embeddable":true,"href":"https:\/\/blog.skruttet.com\/index.php?rest_route=%2Fwp%2Fv2%2Fcategories&post=2158"},{"taxonomy":"post_tag","embeddable":true,"href":"https:\/\/blog.skruttet.com\/index.php?rest_route=%2Fwp%2Fv2%2Ftags&post=2158"}],"curies":[{"name":"wp","href":"https:\/\/api.w.org\/{rel}","templated":true}]}}