{"id":2174,"date":"2011-11-08T10:33:16","date_gmt":"2011-11-08T08:33:16","guid":{"rendered":"http:\/\/bloggen.fi\/skruttet\/?p=2174"},"modified":"2011-11-08T10:33:16","modified_gmt":"2011-11-08T08:33:16","slug":"anglabadden-kallar-igen","status":"publish","type":"post","link":"https:\/\/blog.skruttet.com\/?p=2174","title":{"rendered":"\u00c4nglab\u00e4dden kallar, igen.."},"content":{"rendered":"<p>Allt v\u00e4l h\u00e4r!<br \/>\nHar just avreagerat mig och skickat ett sm\u00e5surt mail ang n\u00e5got som inte fungerar riktigt som det ska!<\/p>\n<p>I dag packar vi d\u00e5 v\u00e4skorna och reser n\u00e5gra timmar s\u00f6derut. I packningen finns ni med. \ud83d\ude42 Med hj\u00e4lp av den lilla laptoppen f\u00f6rs\u00f6ker jag ber\u00e4tta hur allt g\u00e5r.<br \/>\n\u00d6vernattar och har tidig<a href=\"http:\/\/www.skruttet.com\/blog\/wp-content\/uploads\/2011\/11\/nglab\u00e4dden.jpg\"><img loading=\"lazy\" class=\"alignright size-full wp-image-2175\" src=\"http:\/\/www.skruttet.com\/blog\/wp-content\/uploads\/2011\/11\/nglab\u00e4dden.jpg\" alt=\"\" width=\"123\" height=\"142\" \/><\/a> v\u00e4ckning i morgon f\u00f6r dusch och annan f\u00f6rberedelse. Ska infinna mig vid De V\u00e5rdande \u00c4nglarnas Hus kl. 07.00 PIIP.<\/p>\n<p>\u00c4ta f\u00e5r jag g\u00f6ra fram till 24.00 i kv\u00e4ll&#8230;. \u00a0F\u00f6rberedelserna k\u00e4nns som konstig rutin&#8230;\u00a0De kan jag&#8230;. K\u00e4nns som obeh\u00f6vlig kunskap, men s\u00e5 h\u00e4r \u00e4r det nu&#8230;.<\/p>\n<p>Dessa ord har jag skrivit f\u00f6rr, men&#8230;.<br \/>\nI morgon ligger jag \u00e5ter under kniven, p\u00e5 \u00c4nglab\u00e4dden &#8211; i h\u00e4nderna p\u00e5 ett kunnigt \u00c4nglateam.<br \/>\nSkillnaden denna g\u00e5ng \u00e4r att jag har m\u00f6jlighet att v\u00e4lja om jag vill sova eller vara vaken under deras arbete.<br \/>\nHar inte best\u00e4mt mig \u00e4nnu f\u00f6r vilket alternativ jag v\u00e4ljer.<\/p>\n<p>P\u00e5 \u00e5terh\u00f6rande alla fina bloggl\u00e4sande \u00c4nglar! \ud83d\ude42<br \/>\n\u00c4nglakramar!!<\/p>\n","protected":false},"excerpt":{"rendered":"<p>Allt v\u00e4l h\u00e4r! Har just avreagerat mig och skickat ett sm\u00e5surt mail ang n\u00e5got som inte fungerar riktigt som det ska! I dag packar vi d\u00e5 v\u00e4skorna och reser n\u00e5gra timmar s\u00f6derut. I packningen finns ni med. \ud83d\ude42 Med hj\u00e4lp &hellip; <a href=\"https:\/\/blog.skruttet.com\/?p=2174\">Forts\u00e4tt l\u00e4sa <span class=\"meta-nav\">&rarr;<\/span><\/a><\/p>\n","protected":false},"author":1,"featured_media":0,"comment_status":"open","ping_status":"open","sticky":false,"template":"","format":"standard","meta":[],"categories":[13],"tags":[],"_links":{"self":[{"href":"https:\/\/blog.skruttet.com\/index.php?rest_route=\/wp\/v2\/posts\/2174"}],"collection":[{"href":"https:\/\/blog.skruttet.com\/index.php?rest_route=\/wp\/v2\/posts"}],"about":[{"href":"https:\/\/blog.skruttet.com\/index.php?rest_route=\/wp\/v2\/types\/post"}],"author":[{"embeddable":true,"href":"https:\/\/blog.skruttet.com\/index.php?rest_route=\/wp\/v2\/users\/1"}],"replies":[{"embeddable":true,"href":"https:\/\/blog.skruttet.com\/index.php?rest_route=%2Fwp%2Fv2%2Fcomments&post=2174"}],"version-history":[{"count":0,"href":"https:\/\/blog.skruttet.com\/index.php?rest_route=\/wp\/v2\/posts\/2174\/revisions"}],"wp:attachment":[{"href":"https:\/\/blog.skruttet.com\/index.php?rest_route=%2Fwp%2Fv2%2Fmedia&parent=2174"}],"wp:term":[{"taxonomy":"category","embeddable":true,"href":"https:\/\/blog.skruttet.com\/index.php?rest_route=%2Fwp%2Fv2%2Fcategories&post=2174"},{"taxonomy":"post_tag","embeddable":true,"href":"https:\/\/blog.skruttet.com\/index.php?rest_route=%2Fwp%2Fv2%2Ftags&post=2174"}],"curies":[{"name":"wp","href":"https:\/\/api.w.org\/{rel}","templated":true}]}}