{"id":2251,"date":"2011-11-20T21:21:23","date_gmt":"2011-11-20T19:21:23","guid":{"rendered":"http:\/\/bloggen.fi\/skruttet\/?p=2251"},"modified":"2011-11-20T21:21:23","modified_gmt":"2011-11-20T19:21:23","slug":"giv-mig-kraft","status":"publish","type":"post","link":"https:\/\/blog.skruttet.com\/?p=2251","title":{"rendered":"Giv mig kraft&#8230;"},"content":{"rendered":"<p>Hur jag \u00e4n f\u00f6rs\u00f6ker nu s\u00e5 kan jag inte &#8221;t\u00e4nka bort det onda&#8221;<br \/>\nNu vill jag bara vr\u00e5la och sl\u00e4ppa ut den djupa sm\u00e4rtan som existerar i min fot.<\/p>\n<p>Plockar i mig v\u00e4rktabletter, v\u00e4xlar fotst\u00e4llning med j\u00e4mna mellanrum, viftar p\u00e5 t\u00e5rna och<a href=\"http:\/\/www.skruttet.com\/blog\/wp-content\/uploads\/2011\/11\/namnl\u00f6s.jpg\"><img loading=\"lazy\" class=\"alignright size-full wp-image-2252\" src=\"http:\/\/www.skruttet.com\/blog\/wp-content\/uploads\/2011\/11\/namnl\u00f6s.jpg\" alt=\"\" width=\"100\" height=\"153\" \/><\/a> h\u00e5ller foten varm. De v\u00e5rdande \u00c4nglarna f\u00f6rberedde mig f\u00f6r kommande sm\u00e4rta&#8230; Jag trodde jag kunde, att jag hade de redskap som kr\u00e4vdes f\u00f6r att orka med det onda&#8230; Men det har jag inte. Inte nu!<br \/>\nJag har \u00a0l\u00e5tit bli att s\u00e4ga:<br \/>\nKan sj\u00e4lv&#8230;. \u00a0Vill inte vara f\u00f6r duktig!! Jag tar emot hj\u00e4lpen \u00c4nglarna ger!<\/p>\n<p>Men just nu \u00e4r det jobbigt och det enda jag \u00f6nskar mig \u00e4r att komma till den ljuva sm\u00e4rtfriheten d\u00e4r jag annars oftast brukar befinna mig&#8230; Jag vill dit&#8230;\u00a0Jag vill dit NU!!<\/p>\n<p>F\u00f6r varje ingrepp jag g\u00e5tt igenom, f\u00f6r varje g\u00e5ng jag ska helna och \u00e5terh\u00e4mta mig tar det l\u00e4ngre och l\u00e4ngre m\u00e4rker jag&#8230; Kroppen g\u00e5r p\u00e5 h\u00f6gvarv och skriker efter s\u00f6mn.<br \/>\nDe bleknande \u00e4rren blandas med nya och bildar livets h\u00e5rda brodyr &#8211; med b\u00e5de vackra och mindre vackra kanter.<\/p>\n<p>Jag vet att det kommer att bli bra men just nu \u00e4r jag bara tr\u00f6tt p\u00e5 allt vad sm\u00e4rta heter!!<br \/>\nOrken lyser med sin fr\u00e5nvaro &#8211; precis n\u00e4r den skulle beh\u00f6vas som mest&#8230;.<\/p>\n<p>Jag ber er sn\u00e4lla \u00c4nglar &#8211; Giv mig kraft!!<\/p>\n","protected":false},"excerpt":{"rendered":"<p>Hur jag \u00e4n f\u00f6rs\u00f6ker nu s\u00e5 kan jag inte &#8221;t\u00e4nka bort det onda&#8221; Nu vill jag bara vr\u00e5la och sl\u00e4ppa ut den djupa sm\u00e4rtan som existerar i min fot. Plockar i mig v\u00e4rktabletter, v\u00e4xlar fotst\u00e4llning med j\u00e4mna mellanrum, viftar p\u00e5 &hellip; <a href=\"https:\/\/blog.skruttet.com\/?p=2251\">Forts\u00e4tt l\u00e4sa <span class=\"meta-nav\">&rarr;<\/span><\/a><\/p>\n","protected":false},"author":1,"featured_media":0,"comment_status":"open","ping_status":"open","sticky":false,"template":"","format":"standard","meta":[],"categories":[13],"tags":[],"_links":{"self":[{"href":"https:\/\/blog.skruttet.com\/index.php?rest_route=\/wp\/v2\/posts\/2251"}],"collection":[{"href":"https:\/\/blog.skruttet.com\/index.php?rest_route=\/wp\/v2\/posts"}],"about":[{"href":"https:\/\/blog.skruttet.com\/index.php?rest_route=\/wp\/v2\/types\/post"}],"author":[{"embeddable":true,"href":"https:\/\/blog.skruttet.com\/index.php?rest_route=\/wp\/v2\/users\/1"}],"replies":[{"embeddable":true,"href":"https:\/\/blog.skruttet.com\/index.php?rest_route=%2Fwp%2Fv2%2Fcomments&post=2251"}],"version-history":[{"count":0,"href":"https:\/\/blog.skruttet.com\/index.php?rest_route=\/wp\/v2\/posts\/2251\/revisions"}],"wp:attachment":[{"href":"https:\/\/blog.skruttet.com\/index.php?rest_route=%2Fwp%2Fv2%2Fmedia&parent=2251"}],"wp:term":[{"taxonomy":"category","embeddable":true,"href":"https:\/\/blog.skruttet.com\/index.php?rest_route=%2Fwp%2Fv2%2Fcategories&post=2251"},{"taxonomy":"post_tag","embeddable":true,"href":"https:\/\/blog.skruttet.com\/index.php?rest_route=%2Fwp%2Fv2%2Ftags&post=2251"}],"curies":[{"name":"wp","href":"https:\/\/api.w.org\/{rel}","templated":true}]}}