{"id":2269,"date":"2011-11-22T11:32:04","date_gmt":"2011-11-22T09:32:04","guid":{"rendered":"http:\/\/bloggen.fi\/skruttet\/?p=2269"},"modified":"2011-11-22T11:32:04","modified_gmt":"2011-11-22T09:32:04","slug":"vackert-melodiskt-flode","status":"publish","type":"post","link":"https:\/\/blog.skruttet.com\/?p=2269","title":{"rendered":"Vackert, melodiskt fl\u00f6de&#8230;"},"content":{"rendered":"<p>God tisdag p\u00e5 er!<br \/>\nAllt bara v\u00e4l h\u00e4r i \u00c4nglag\u00e5rden i dag. Lyssnar p\u00e5 musik medan jag bloggar.<br \/>\nVackra texter fl\u00f6dar melodiskt ut genom h\u00f6gtalarna. <a href=\"http:\/\/www.skruttet.com\/blog\/wp-content\/uploads\/2011\/11\/peaceful.jpg\"><img loading=\"lazy\" class=\"alignright size-medium wp-image-2270\" src=\"http:\/\/www.skruttet.com\/blog\/wp-content\/uploads\/2011\/11\/peaceful-300x196.jpg\" alt=\"\" width=\"300\" height=\"196\" srcset=\"https:\/\/blog.skruttet.com\/wp-content\/uploads\/2011\/11\/peaceful-300x196.jpg 300w, https:\/\/blog.skruttet.com\/wp-content\/uploads\/2011\/11\/peaceful.jpg 450w\" sizes=\"(max-width: 300px) 100vw, 300px\" \/><\/a><br \/>\nEn fyrbent lurvig sambo snarkar s\u00f6tt i sin korg vid min sida \ud83d\ude00<\/p>\n<p>Fot status: Ig\u00e5r kollades s\u00e5ren upp igen. Allt l\u00e4ker fint och bl\u00e5san blir, till all lycka, mindre!\u00a0Korta stunder kan jag l\u00e5ta foten vila i lodr\u00e4t l\u00e4ge &#8211; utan att f\u00e5 problem med svullnad. Ingen st\u00f6rande sm\u00e4rta heller. \u00a0Sk\u00f6nt s\u00e5! Det g\u00e5r sakta fram\u00e5t&#8230; Men sakta fram\u00e5t duger ocks\u00e5 \ud83d\ude09<\/p>\n<p>Det g\u00f6r mig glad!<\/p>\n<p>Nu \u00e4r det dags att g\u00f6ra magen glad och \u00e4ta lunch!<br \/>\nM\u00e5 s\u00e5 gott,<br \/>\n\u00c4nglakramar!!<\/p>\n<p style=\"text-align: center\"><a href=\"http:\/\/www.youtube.com\/watch?v=nzhjZnFtNVM&amp;feature=related\" target=\"_blank\">Carola &#8211; Himlen I Min Famn<\/a><\/p>\n","protected":false},"excerpt":{"rendered":"<p>God tisdag p\u00e5 er! Allt bara v\u00e4l h\u00e4r i \u00c4nglag\u00e5rden i dag. Lyssnar p\u00e5 musik medan jag bloggar. Vackra texter fl\u00f6dar melodiskt ut genom h\u00f6gtalarna. En fyrbent lurvig sambo snarkar s\u00f6tt i sin korg vid min sida \ud83d\ude00 Fot status: &hellip; <a href=\"https:\/\/blog.skruttet.com\/?p=2269\">Forts\u00e4tt l\u00e4sa <span class=\"meta-nav\">&rarr;<\/span><\/a><\/p>\n","protected":false},"author":1,"featured_media":0,"comment_status":"open","ping_status":"open","sticky":false,"template":"","format":"standard","meta":[],"categories":[8,10,13,16],"tags":[],"_links":{"self":[{"href":"https:\/\/blog.skruttet.com\/index.php?rest_route=\/wp\/v2\/posts\/2269"}],"collection":[{"href":"https:\/\/blog.skruttet.com\/index.php?rest_route=\/wp\/v2\/posts"}],"about":[{"href":"https:\/\/blog.skruttet.com\/index.php?rest_route=\/wp\/v2\/types\/post"}],"author":[{"embeddable":true,"href":"https:\/\/blog.skruttet.com\/index.php?rest_route=\/wp\/v2\/users\/1"}],"replies":[{"embeddable":true,"href":"https:\/\/blog.skruttet.com\/index.php?rest_route=%2Fwp%2Fv2%2Fcomments&post=2269"}],"version-history":[{"count":0,"href":"https:\/\/blog.skruttet.com\/index.php?rest_route=\/wp\/v2\/posts\/2269\/revisions"}],"wp:attachment":[{"href":"https:\/\/blog.skruttet.com\/index.php?rest_route=%2Fwp%2Fv2%2Fmedia&parent=2269"}],"wp:term":[{"taxonomy":"category","embeddable":true,"href":"https:\/\/blog.skruttet.com\/index.php?rest_route=%2Fwp%2Fv2%2Fcategories&post=2269"},{"taxonomy":"post_tag","embeddable":true,"href":"https:\/\/blog.skruttet.com\/index.php?rest_route=%2Fwp%2Fv2%2Ftags&post=2269"}],"curies":[{"name":"wp","href":"https:\/\/api.w.org\/{rel}","templated":true}]}}