{"id":2303,"date":"2011-11-25T09:39:18","date_gmt":"2011-11-25T07:39:18","guid":{"rendered":"http:\/\/bloggen.fi\/skruttet\/?p=2303"},"modified":"2011-11-25T09:39:18","modified_gmt":"2011-11-25T07:39:18","slug":"julen-kommer-och-langtan-med-den","status":"publish","type":"post","link":"https:\/\/blog.skruttet.com\/?p=2303","title":{"rendered":"Julen kommer och l\u00e4ngtan med den&#8230;"},"content":{"rendered":"<p>\u00c4nnu en fredag har tagit sin b\u00f6rjan.<br \/>\nDet \u00e4r mindre \u00e4n en m\u00e5nad kvar till jul. Lilla Jul st\u00e5r f\u00f6r d\u00f6rren, likas\u00e5 advent \ud83d\ude42<br \/>\nEn mysig tid p\u00e5 kommande&#8230; Ljusens och gemenskapens tid f\u00f6r m\u00e5nga.<\/p>\n<p>Det blir inte n\u00e5gra storslagna julklappar i \u00e5r &#8211; sm\u00e5 och enkla. \u00c4nglaliven av mindre modell<a href=\"http:\/\/www.skruttet.com\/blog\/wp-content\/uploads\/2011\/11\/f\u00f6tter.jpg\"><img loading=\"lazy\" class=\"alignright size-medium wp-image-2304\" src=\"http:\/\/www.skruttet.com\/blog\/wp-content\/uploads\/2011\/11\/f\u00f6tter-300x224.jpg\" alt=\"\" width=\"300\" height=\"224\" srcset=\"https:\/\/blog.skruttet.com\/wp-content\/uploads\/2011\/11\/f\u00f6tter-300x224.jpg 300w, https:\/\/blog.skruttet.com\/wp-content\/uploads\/2011\/11\/f\u00f6tter-400x300.jpg 400w, https:\/\/blog.skruttet.com\/wp-content\/uploads\/2011\/11\/f\u00f6tter.jpg 978w\" sizes=\"(max-width: 300px) 100vw, 300px\" \/><\/a> f\u00e5r f\u00f6rst\u00e5s n\u00e5got. \u00a0S\u00e5 n\u00e5gra klappar kommer att l\u00e4ggas i tomtens s\u00e4ck \ud83d\ude09<br \/>\nF\u00f6r deras skull &lt;3<\/p>\n<p>L\u00e4ngtan efter den lilla \u00c4ngel vi kanske en dag f\u00e5r m\u00f6ta g\u00f6r sig mera p\u00e5mind nu tycker jag!\u00a0N\u00e4r det b\u00f6rjar n\u00e4rma sig jul.<br \/>\nDet blir mer p\u00e5tagligt att vi \u00e4nnu inte har en liten som undrande funderar \u00f6ver tomte, gran och paket.<\/p>\n<p>Jag l\u00e4ngtar efter att f\u00e5 b\u00e4dda den lilla s\u00e4ngen, att f\u00e5 tv\u00e4tta kl\u00e4derna av mindre modell, att f\u00e5 snubbla \u00f6ver legoklossar, t\u00e5gbanor nallar eller dockor.<br \/>\nJag l\u00e4ngtar efter att f\u00e5 krama den \u00e4lskade lilla \u00c4ngeln som vi f\u00e5r kalla v\u00e5r.<br \/>\nKort och gott: Jag l\u00e4ngtar efter att f\u00e5 bli mamma!!<\/p>\n<p>L\u00e4ngtande och v\u00e4ntande viskar jag orden;<br \/>\nLilla \u00c4ngel &#8211; N\u00e5gonstans ute i v\u00e4rlden d\u00e4r,<br \/>\nVi \u00e4lskar dig &#8211; precis som du \u00e4r!<\/p>\n","protected":false},"excerpt":{"rendered":"<p>\u00c4nnu en fredag har tagit sin b\u00f6rjan. Det \u00e4r mindre \u00e4n en m\u00e5nad kvar till jul. Lilla Jul st\u00e5r f\u00f6r d\u00f6rren, likas\u00e5 advent \ud83d\ude42 En mysig tid p\u00e5 kommande&#8230; Ljusens och gemenskapens tid f\u00f6r m\u00e5nga. Det blir inte n\u00e5gra storslagna &hellip; <a href=\"https:\/\/blog.skruttet.com\/?p=2303\">Forts\u00e4tt l\u00e4sa <span class=\"meta-nav\">&rarr;<\/span><\/a><\/p>\n","protected":false},"author":1,"featured_media":0,"comment_status":"open","ping_status":"open","sticky":false,"template":"","format":"standard","meta":[],"categories":[3,14,16],"tags":[],"_links":{"self":[{"href":"https:\/\/blog.skruttet.com\/index.php?rest_route=\/wp\/v2\/posts\/2303"}],"collection":[{"href":"https:\/\/blog.skruttet.com\/index.php?rest_route=\/wp\/v2\/posts"}],"about":[{"href":"https:\/\/blog.skruttet.com\/index.php?rest_route=\/wp\/v2\/types\/post"}],"author":[{"embeddable":true,"href":"https:\/\/blog.skruttet.com\/index.php?rest_route=\/wp\/v2\/users\/1"}],"replies":[{"embeddable":true,"href":"https:\/\/blog.skruttet.com\/index.php?rest_route=%2Fwp%2Fv2%2Fcomments&post=2303"}],"version-history":[{"count":0,"href":"https:\/\/blog.skruttet.com\/index.php?rest_route=\/wp\/v2\/posts\/2303\/revisions"}],"wp:attachment":[{"href":"https:\/\/blog.skruttet.com\/index.php?rest_route=%2Fwp%2Fv2%2Fmedia&parent=2303"}],"wp:term":[{"taxonomy":"category","embeddable":true,"href":"https:\/\/blog.skruttet.com\/index.php?rest_route=%2Fwp%2Fv2%2Fcategories&post=2303"},{"taxonomy":"post_tag","embeddable":true,"href":"https:\/\/blog.skruttet.com\/index.php?rest_route=%2Fwp%2Fv2%2Ftags&post=2303"}],"curies":[{"name":"wp","href":"https:\/\/api.w.org\/{rel}","templated":true}]}}