{"id":2308,"date":"2011-11-25T23:17:50","date_gmt":"2011-11-25T21:17:50","guid":{"rendered":"http:\/\/bloggen.fi\/skruttet\/?p=2308"},"modified":"2011-11-25T23:17:50","modified_gmt":"2011-11-25T21:17:50","slug":"forsmak-av-jul","status":"publish","type":"post","link":"https:\/\/blog.skruttet.com\/?p=2308","title":{"rendered":"F\u00f6rsmak av jul&#8230;."},"content":{"rendered":"<p>L\u00e4ngtan hem till mitt ursprung slog till med en enorm kraft i kv\u00e4ll!<br \/>\nI ursprunget inneb\u00e4r morgondagens lilla jul firande en traditionsenlig marknad.<\/p>\n<p>Folk trampar runt i lerv\u00e4lling, p\u00e5 h\u00e5ll h\u00f6rs en och annan vacker julmelodi.<br \/>\nF\u00f6rs\u00e4ljningsst\u00e5nden st\u00e5r p\u00e5 rad, d\u00e4r det s\u00e4ljs hantverk, hembakat, kransar.<br \/>\nDet doftar fisk&#8230; Det doftar gl\u00f6gg&#8230; \u00a0Man trampar omkring och h\u00e5ller sig i r\u00f6relse f\u00f6r att<a href=\"http:\/\/www.skruttet.com\/blog\/wp-content\/uploads\/2011\/11\/christmas-night-magic-house.jpg\"><img loading=\"lazy\" class=\"alignright size-medium wp-image-2309\" src=\"http:\/\/www.skruttet.com\/blog\/wp-content\/uploads\/2011\/11\/christmas-night-magic-house-300x225.jpg\" alt=\"\" width=\"300\" height=\"225\" srcset=\"https:\/\/blog.skruttet.com\/wp-content\/uploads\/2011\/11\/christmas-night-magic-house-300x225.jpg 300w, https:\/\/blog.skruttet.com\/wp-content\/uploads\/2011\/11\/christmas-night-magic-house-400x300.jpg 400w, https:\/\/blog.skruttet.com\/wp-content\/uploads\/2011\/11\/christmas-night-magic-house.jpg 1024w\" sizes=\"(max-width: 300px) 100vw, 300px\" \/><\/a> h\u00e5lla v\u00e4rmen&#8230;<br \/>\nHejar p\u00e5 n\u00e5gon och pratar bort en stund \ud83d\ude42<\/p>\n<p>Jag handlar ofta kn\u00e4ck, polkagrisar och kaffebr\u00f6d. V\u00e4l hemma myser jag gott i v\u00e4rmen, med min stora kaffekopp&#8230; \ud83d\ude42<br \/>\nJultiden och julfriden kan b\u00f6rja!<\/p>\n<p>I \u00e5r ser det lite annorlunda ut, men julmyset och friden kommer nog \u00e4nd\u00e5.<br \/>\nF\u00f6r i morgon blir det lite f\u00f6rsmak av jul, tillsammans med &lt;3- \u00c4ngeln \u00a0i v\u00e5r vackra \u00c4nglag\u00e5rd!<\/p>\n<p>Varma \u00c4nglakramar och k\u00e4rlek till er alla!<\/p>\n<p style=\"text-align: center\"><a href=\"http:\/\/www.youtube.com\/watch?v=lbSOLBMUvIE\" target=\"_blank\">Michael Bubl\u00e9 &#8211; Home<\/a><\/p>\n","protected":false},"excerpt":{"rendered":"<p>L\u00e4ngtan hem till mitt ursprung slog till med en enorm kraft i kv\u00e4ll! I ursprunget inneb\u00e4r morgondagens lilla jul firande en traditionsenlig marknad. Folk trampar runt i lerv\u00e4lling, p\u00e5 h\u00e5ll h\u00f6rs en och annan vacker julmelodi. F\u00f6rs\u00e4ljningsst\u00e5nden st\u00e5r p\u00e5 rad, &hellip; <a href=\"https:\/\/blog.skruttet.com\/?p=2308\">Forts\u00e4tt l\u00e4sa <span class=\"meta-nav\">&rarr;<\/span><\/a><\/p>\n","protected":false},"author":1,"featured_media":0,"comment_status":"open","ping_status":"open","sticky":false,"template":"","format":"standard","meta":[],"categories":[8,16],"tags":[],"_links":{"self":[{"href":"https:\/\/blog.skruttet.com\/index.php?rest_route=\/wp\/v2\/posts\/2308"}],"collection":[{"href":"https:\/\/blog.skruttet.com\/index.php?rest_route=\/wp\/v2\/posts"}],"about":[{"href":"https:\/\/blog.skruttet.com\/index.php?rest_route=\/wp\/v2\/types\/post"}],"author":[{"embeddable":true,"href":"https:\/\/blog.skruttet.com\/index.php?rest_route=\/wp\/v2\/users\/1"}],"replies":[{"embeddable":true,"href":"https:\/\/blog.skruttet.com\/index.php?rest_route=%2Fwp%2Fv2%2Fcomments&post=2308"}],"version-history":[{"count":0,"href":"https:\/\/blog.skruttet.com\/index.php?rest_route=\/wp\/v2\/posts\/2308\/revisions"}],"wp:attachment":[{"href":"https:\/\/blog.skruttet.com\/index.php?rest_route=%2Fwp%2Fv2%2Fmedia&parent=2308"}],"wp:term":[{"taxonomy":"category","embeddable":true,"href":"https:\/\/blog.skruttet.com\/index.php?rest_route=%2Fwp%2Fv2%2Fcategories&post=2308"},{"taxonomy":"post_tag","embeddable":true,"href":"https:\/\/blog.skruttet.com\/index.php?rest_route=%2Fwp%2Fv2%2Ftags&post=2308"}],"curies":[{"name":"wp","href":"https:\/\/api.w.org\/{rel}","templated":true}]}}