{"id":2349,"date":"2011-11-29T21:01:15","date_gmt":"2011-11-29T19:01:15","guid":{"rendered":"http:\/\/bloggen.fi\/skruttet\/?p=2349"},"modified":"2011-11-29T21:01:15","modified_gmt":"2011-11-29T19:01:15","slug":"alla-ar-vi-speciella","status":"publish","type":"post","link":"https:\/\/blog.skruttet.com\/?p=2349","title":{"rendered":"Alla \u00e4r vi speciella&#8230;"},"content":{"rendered":"<p>I kv\u00e4ll har tankar t\u00e4nkts om Adoptionen.\u00a0Om den otroliga process vi \u00e4r inne i. Vilken fantastisk resa det \u00e4r! Och \u00e4ven om det periodvis kan vara \/\u00e4r en jobbig och kr\u00e4vande tid i livet s\u00e5 skulle jag inte vilja vara utan den. Inte p\u00e5 n\u00e5got s\u00e4tt. Oavsett hur det g\u00e5r.\u00a0Den har givit s\u00e5 mycket, s\u00e5 oerh\u00f6rt mycket!<\/p>\n<p><a href=\"http:\/\/www.skruttet.com\/blog\/wp-content\/uploads\/2011\/11\/Glasogon.jpg\"><img loading=\"lazy\" class=\"alignright size-full wp-image-2355\" src=\"http:\/\/www.skruttet.com\/blog\/wp-content\/uploads\/2011\/11\/Glasogon.jpg\" alt=\"\" width=\"247\" height=\"264\" \/><\/a>Med processen f\u00f6ljer olika &#8221;moment&#8221;, ett av dessa \u00e4r att fundera p\u00e5 den s\u00e5 kallade\u00a0Special Needs (SN) -listan. Det \u00e4r en lista d\u00e4r man tar st\u00e4llning till vilken m\u00f6jlighet man har att ta emot ett sjukt eller funktionshindrat barn. Att som lekman ta st\u00e4llning till de diagnoser som finns p\u00e5 listan \u00e4r sv\u00e5rt &#8211; det kan r\u00f6ra sig om allt fr\u00e5n olika typer av missbildningar till synneds\u00e4ttning som enkelt kan r\u00e4ttas till med ett par glas\u00f6gon.<br \/>\n<strong><\/strong><\/p>\n<p><strong>Ett tips<\/strong>: att ta hj\u00e4lp av n\u00e5gon V\u00e5rdande \u00c4ngel f\u00f6r att f\u00e5 mer klarhet i de latinska ben\u00e4mningarna.<\/p>\n<p>Alla f\u00f6r\u00e4ldrar vill ha ett friskt barn.\u00a0Hur det \u00e4n blir till; biologiskt eller via Adoption s\u00e5 innerst inne, i grund och botten \u00f6nskar man sig ett frisk, v\u00e4lskapt och v\u00e4lm\u00e5ende barn.<br \/>\nMen d\u00e5 barnet kommer \u00e4lskar man det nog lika mycket med som utan specialbehov.<br \/>\nOavsett vad! Ett barn<strong> \u00e4r inte ett specialbehov<\/strong>.<br \/>\nJag <strong>\u00e4r<\/strong> ju inte mitt funktionshinder heller.<\/p>\n<p><a href=\"http:\/\/www.skruttet.com\/blog\/wp-content\/uploads\/2011\/11\/Kryckor_docka.jpg\"><img loading=\"lazy\" class=\"alignright size-medium wp-image-2357\" src=\"http:\/\/www.skruttet.com\/blog\/wp-content\/uploads\/2011\/11\/Kryckor_docka-166x300.jpg\" alt=\"\" width=\"166\" height=\"300\" srcset=\"https:\/\/blog.skruttet.com\/wp-content\/uploads\/2011\/11\/Kryckor_docka-166x300.jpg 166w, https:\/\/blog.skruttet.com\/wp-content\/uploads\/2011\/11\/Kryckor_docka.jpg 190w\" sizes=\"(max-width: 166px) 100vw, 166px\" \/><\/a>Men ett med ett specialbehov f\u00f6ljer ett \u00f6kat behov av olika former av extra resurser.\u00a0Det \u00e4r viktigt att resurserna finns!!\u00a0N\u00e4r man fyller i denna SN-lista och kryssar i Accept, Can not Accept eller May consider\u00a0\u00e4r det viktigt att man som blivande f\u00f6r\u00e4lder \u00e4r totalt \u00e4rlig och realistisk mot sig sj\u00e4lv och st\u00e4ller fr\u00e5gan:<br \/>\nVilka m\u00f6jligheter har vi att ta emot ett Special Needs barn? Har vi de f\u00f6rm\u00e5gor som kr\u00e4vs och finns det tillr\u00e4ckligt med resurser f\u00f6r att kunna ge barnet en trygg, god och k\u00e4rleksfull uppv\u00e4xt i den milj\u00f6 vi kan erbjuda??<\/p>\n<p>F\u00f6r en Adoption handlar ju i sin helhet om att hitta f\u00f6r\u00e4ldrar till ett barn.\u00a0Inte om att hitta barn till f\u00f6r\u00e4ldrar.<\/p>\n<p>Lite funderingar en kv\u00e4ll i slutet november,<br \/>\n\u00c4nglakramar och k\u00e4rlek till er mina fina l\u00e4sare &lt;3<\/p>\n","protected":false},"excerpt":{"rendered":"<p>I kv\u00e4ll har tankar t\u00e4nkts om Adoptionen.\u00a0Om den otroliga process vi \u00e4r inne i. Vilken fantastisk resa det \u00e4r! Och \u00e4ven om det periodvis kan vara \/\u00e4r en jobbig och kr\u00e4vande tid i livet s\u00e5 skulle jag inte vilja vara &hellip; <a href=\"https:\/\/blog.skruttet.com\/?p=2349\">Forts\u00e4tt l\u00e4sa <span class=\"meta-nav\">&rarr;<\/span><\/a><\/p>\n","protected":false},"author":1,"featured_media":0,"comment_status":"open","ping_status":"open","sticky":false,"template":"","format":"standard","meta":[],"categories":[3,14],"tags":[],"_links":{"self":[{"href":"https:\/\/blog.skruttet.com\/index.php?rest_route=\/wp\/v2\/posts\/2349"}],"collection":[{"href":"https:\/\/blog.skruttet.com\/index.php?rest_route=\/wp\/v2\/posts"}],"about":[{"href":"https:\/\/blog.skruttet.com\/index.php?rest_route=\/wp\/v2\/types\/post"}],"author":[{"embeddable":true,"href":"https:\/\/blog.skruttet.com\/index.php?rest_route=\/wp\/v2\/users\/1"}],"replies":[{"embeddable":true,"href":"https:\/\/blog.skruttet.com\/index.php?rest_route=%2Fwp%2Fv2%2Fcomments&post=2349"}],"version-history":[{"count":0,"href":"https:\/\/blog.skruttet.com\/index.php?rest_route=\/wp\/v2\/posts\/2349\/revisions"}],"wp:attachment":[{"href":"https:\/\/blog.skruttet.com\/index.php?rest_route=%2Fwp%2Fv2%2Fmedia&parent=2349"}],"wp:term":[{"taxonomy":"category","embeddable":true,"href":"https:\/\/blog.skruttet.com\/index.php?rest_route=%2Fwp%2Fv2%2Fcategories&post=2349"},{"taxonomy":"post_tag","embeddable":true,"href":"https:\/\/blog.skruttet.com\/index.php?rest_route=%2Fwp%2Fv2%2Ftags&post=2349"}],"curies":[{"name":"wp","href":"https:\/\/api.w.org\/{rel}","templated":true}]}}