{"id":2372,"date":"2011-12-01T23:22:30","date_gmt":"2011-12-01T21:22:30","guid":{"rendered":"http:\/\/bloggen.fi\/skruttet\/?p=2372"},"modified":"2011-12-01T23:22:30","modified_gmt":"2011-12-01T21:22:30","slug":"stundens-tankar-fran-skruttet","status":"publish","type":"post","link":"https:\/\/blog.skruttet.com\/?p=2372","title":{"rendered":"Stundens tankar fr\u00e5n Skruttet"},"content":{"rendered":"<p><img loading=\"lazy\" class=\"alignright size-medium wp-image-2373\" style=\"line-height: 24px;border-style: initial;border-color: initial;font-size: 16px\" src=\"http:\/\/www.skruttet.com\/blog\/wp-content\/uploads\/2011\/12\/vanner-300x300.gif\" alt=\"\" width=\"300\" height=\"300\" srcset=\"https:\/\/blog.skruttet.com\/wp-content\/uploads\/2011\/12\/vanner-300x300.gif 300w, https:\/\/blog.skruttet.com\/wp-content\/uploads\/2011\/12\/vanner-150x150.gif 150w, https:\/\/blog.skruttet.com\/wp-content\/uploads\/2011\/12\/vanner.gif 432w\" sizes=\"(max-width: 300px) 100vw, 300px\" \/><\/p>\n<p><strong>Just nu:<\/strong><br \/>\n\u00c4r jag glad \u00f6ver de fina \u00c4nglabes\u00f6ken vi haft i dag \ud83d\ude42<\/p>\n<p><strong>Just nu:<\/strong><br \/>\nHar jag tittat p\u00e5 film n\u00e5gra timmar&#8230;\u00a0Med ett halv \u00f6ga, somnade bort mellan varven&#8230;<\/p>\n<p><strong>Just nu:<\/strong><br \/>\n\u00c4r jag glad \u00f6ver den fina hemlagade adventskalendern, fylld med ordspr\u00e5k, som kom p\u00e5 posten i dag.<\/p>\n<p><strong>Just nu:<\/strong><br \/>\nSitter jag med ett hopp om att den nya tabletten mot spastisiteten ska funka&#8230; V\u00e4ntar&#8230;<br \/>\nOch sakta kommer effekten smygande, \u00c4nglarna kommer med den h\u00e4rliga bomullsb\u00e4dden, tar det onda&#8230;.Sm\u00e4rtan avtar d\u00e5 sp\u00e4nningen sl\u00e4pper &#8211; s\u00e5 sk\u00f6nt, verkar lovande inf\u00f6r nattens kommande timmar! \ud83d\ude42<\/p>\n<p style=\"text-align: left\"><em>Dagens ordspr\u00e5k: <\/em><\/p>\n<p style=\"text-align: center\"><em>V\u00e4nner tr\u00f6star i motg\u00e5ng<\/em><br \/>\n<em>och \u00a0gl\u00e4ds med dig i gl\u00e4dje.<\/em><br \/>\n<em>Vid alla tillf\u00e4llen k\u00e4nner de precis som du. <\/em><\/p>\n<p style=\"text-align: left\">\u00c4nglakramar!!<\/p>\n","protected":false},"excerpt":{"rendered":"<p>Just nu: \u00c4r jag glad \u00f6ver de fina \u00c4nglabes\u00f6ken vi haft i dag \ud83d\ude42 Just nu: Har jag tittat p\u00e5 film n\u00e5gra timmar&#8230;\u00a0Med ett halv \u00f6ga, somnade bort mellan varven&#8230; Just nu: \u00c4r jag glad \u00f6ver den fina hemlagade adventskalendern, &hellip; <a href=\"https:\/\/blog.skruttet.com\/?p=2372\">Forts\u00e4tt l\u00e4sa <span class=\"meta-nav\">&rarr;<\/span><\/a><\/p>\n","protected":false},"author":1,"featured_media":0,"comment_status":"open","ping_status":"open","sticky":false,"template":"","format":"standard","meta":[],"categories":[10,13,14,15,16],"tags":[],"_links":{"self":[{"href":"https:\/\/blog.skruttet.com\/index.php?rest_route=\/wp\/v2\/posts\/2372"}],"collection":[{"href":"https:\/\/blog.skruttet.com\/index.php?rest_route=\/wp\/v2\/posts"}],"about":[{"href":"https:\/\/blog.skruttet.com\/index.php?rest_route=\/wp\/v2\/types\/post"}],"author":[{"embeddable":true,"href":"https:\/\/blog.skruttet.com\/index.php?rest_route=\/wp\/v2\/users\/1"}],"replies":[{"embeddable":true,"href":"https:\/\/blog.skruttet.com\/index.php?rest_route=%2Fwp%2Fv2%2Fcomments&post=2372"}],"version-history":[{"count":0,"href":"https:\/\/blog.skruttet.com\/index.php?rest_route=\/wp\/v2\/posts\/2372\/revisions"}],"wp:attachment":[{"href":"https:\/\/blog.skruttet.com\/index.php?rest_route=%2Fwp%2Fv2%2Fmedia&parent=2372"}],"wp:term":[{"taxonomy":"category","embeddable":true,"href":"https:\/\/blog.skruttet.com\/index.php?rest_route=%2Fwp%2Fv2%2Fcategories&post=2372"},{"taxonomy":"post_tag","embeddable":true,"href":"https:\/\/blog.skruttet.com\/index.php?rest_route=%2Fwp%2Fv2%2Ftags&post=2372"}],"curies":[{"name":"wp","href":"https:\/\/api.w.org\/{rel}","templated":true}]}}