{"id":2389,"date":"2012-03-06T15:45:06","date_gmt":"2012-03-06T13:45:06","guid":{"rendered":"http:\/\/bloggen.fi\/skruttet\/?p=2389"},"modified":"2012-03-06T15:45:06","modified_gmt":"2012-03-06T13:45:06","slug":"tack-koden-for-att-du-finns","status":"publish","type":"post","link":"https:\/\/blog.skruttet.com\/?p=2389","title":{"rendered":"Keep on fighting!"},"content":{"rendered":"<p>Det \u00e4r den Internationella Endometriosveckan den h\u00e4r veckan. D\u00e5 sprider man information f\u00f6r att \u00f6ka kunskapen och f\u00f6rst\u00e5elsen ute i samh\u00e4llet.\u00a0Jag tittar ut genom f\u00f6nstret och t\u00e4nker p\u00e5 hur det var och \u00e4r f\u00f6r min egen del.<\/p>\n<p><a href=\"http:\/\/www.skruttet.com\/blog\/wp-content\/uploads\/2012\/03\/EndometriosisAwareness20124001.jpg\"><img loading=\"lazy\" class=\"alignright size-medium wp-image-2982\" src=\"http:\/\/www.skruttet.com\/blog\/wp-content\/uploads\/2012\/03\/EndometriosisAwareness20124001-300x66.jpg\" alt=\"\" width=\"300\" height=\"66\" srcset=\"https:\/\/blog.skruttet.com\/wp-content\/uploads\/2012\/03\/EndometriosisAwareness20124001-300x66.jpg 300w, https:\/\/blog.skruttet.com\/wp-content\/uploads\/2012\/03\/EndometriosisAwareness20124001.jpg 400w\" sizes=\"(max-width: 300px) 100vw, 300px\" \/><\/a>I bland ploppar en k\u00e4nsla av sorg upp. \u00a0\u00c4nnu, trots att det snart \u00e4r \u00a05 \u00e5r sedan radikaloperationen gjordes kommer sorgen i bland upp till ytan.<br \/>\nInte p\u00e5 samma s\u00e4tt som f\u00f6rr. Nu \u00e4r det en annan k\u00e4nsla &#8211; en annan sorts sorg, mer bearbetad och distanserad.\u00a0Man kan inte ta n\u00e5gra omv\u00e4gar. Rakt igenom ska man! Det g\u00e5r, men det tar tid! F\u00f6rbannat mycket tid!!<\/p>\n<p>Arg blir jag inte, inte l\u00e4ngre. Det l\u00f6nar sig inte. Inte blir jag mindre b\u00e4rare av Endometrios f\u00f6r det. Men vad som v\u00e4cker sorgen och frustrationen i mig \u00e4r att det \u00e4r s\u00e5 vanligt att inte diagnosen tas p\u00e5 allvar, att s\u00e5 m\u00e5nga b\u00e4rare s\u00f6ker v\u00e5rd g\u00e5ng p\u00e5 g\u00e5ng, utan att bli hj\u00e4lpta eller f\u00f6rst\u00e5dda. Det \u00e4r en bidragande del till varf\u00f6r det ofta blir ett rent helvete att leva med allt vad Endometrios innefattar.<\/p>\n<p>Man ser inte helheten&#8230; M\u00e5nga saker p\u00e5verkas, d\u00e4rf\u00f6r \u00e4r det s\u00e5 viktigt att hj\u00e4lpen och st\u00f6det s\u00e4tts in s\u00e5 snabbt som m\u00f6jligt.<\/p>\n<p>Sm\u00e4rtm\u00e4ssigt tycker jag mig ha endon under kontroll. Har \u00e4ntligen efter l\u00e5ng tid hittat r\u00e4tt behandling som funkar f\u00f6r mig. Oftast k\u00e4nner jag inte av Endometriosen n\u00e4mnv\u00e4rt och om jag sk\u00f6ter mig och h\u00e5ller mig borta fr\u00e5n &#8221;d\u00e5lig mat&#8221; s\u00e5 m\u00e5r jag riktigt v\u00e4l.<\/p>\n<p>Man ser inte p\u00e5 mig att jag \u00e4r b\u00e4rare av detta kroniska monster. F\u00f6r att se det m\u00e5ste man l\u00e4sa bland den kopi\u00f6sa m\u00e4ngd papper som finns i den horribelt tjocka sjukjournalen. \u00a0Det fanns en tid d\u00e5 jag sk\u00e4mdes f\u00f6r att den var s\u00e5 tjock. Jag sk\u00e4mdes f\u00f6r att inte kunna ta hand om det onda sj\u00e4lv. F\u00f6r att jag g\u00e5ng efter annan s\u00f6kte v\u00e5rd pga sm\u00e4rtan. Men den tiden \u00e4r f\u00f6rbi, nu sk\u00e4ms jag inte l\u00e4ngre. \u00a0F\u00f6r till slut togs mitt onda p\u00e5 allvar &#8211; hj\u00e4lpen av det fantastiska \u00c4nglateamet kom ju. (L\u00e4s mer om v\u00e4gen fr\u00e5n m\u00f6rker till ljus i kategorin:<br \/>\nSjukdomen Endometrios)<\/p>\n<p>Jag har diagnosen, har l\u00e4rt mig leva med den och har ett riktigt gott liv. \ud83d\ude42<br \/>\nP\u00e5 FPA\/Kela kortets baksida finns en kod som skvallrar om att jag \u00e4r i behov av hormonpl\u00e5ster f\u00f6r att man genomf\u00f6rt en radikaloperation. Koden ger mig medicinen till en l\u00e5g sj\u00e4lvrisk.\u00a0Hormonbehandlingar \u00e4r annars dyra och sl\u00e5r h\u00e5rt mot ekonomin.<\/p>\n<p>S\u00e5 Tack koden f\u00f6r att du finns! Tack!<br \/>\nOch tusen varma \u00c4nglakramar till alla mina Endosystrar runt om i v\u00e4rlden &#8211;<br \/>\nKeep on fighting! \ud83d\ude42<\/p>\n<p>&nbsp;<\/p>\n","protected":false},"excerpt":{"rendered":"<p>Det \u00e4r den Internationella Endometriosveckan den h\u00e4r veckan. D\u00e5 sprider man information f\u00f6r att \u00f6ka kunskapen och f\u00f6rst\u00e5elsen ute i samh\u00e4llet.\u00a0Jag tittar ut genom f\u00f6nstret och t\u00e4nker p\u00e5 hur det var och \u00e4r f\u00f6r min egen del. I bland ploppar &hellip; <a href=\"https:\/\/blog.skruttet.com\/?p=2389\">Forts\u00e4tt l\u00e4sa <span class=\"meta-nav\">&rarr;<\/span><\/a><\/p>\n","protected":false},"author":1,"featured_media":0,"comment_status":"open","ping_status":"open","sticky":false,"template":"","format":"standard","meta":[],"categories":[10,11,14,15,16],"tags":[],"_links":{"self":[{"href":"https:\/\/blog.skruttet.com\/index.php?rest_route=\/wp\/v2\/posts\/2389"}],"collection":[{"href":"https:\/\/blog.skruttet.com\/index.php?rest_route=\/wp\/v2\/posts"}],"about":[{"href":"https:\/\/blog.skruttet.com\/index.php?rest_route=\/wp\/v2\/types\/post"}],"author":[{"embeddable":true,"href":"https:\/\/blog.skruttet.com\/index.php?rest_route=\/wp\/v2\/users\/1"}],"replies":[{"embeddable":true,"href":"https:\/\/blog.skruttet.com\/index.php?rest_route=%2Fwp%2Fv2%2Fcomments&post=2389"}],"version-history":[{"count":0,"href":"https:\/\/blog.skruttet.com\/index.php?rest_route=\/wp\/v2\/posts\/2389\/revisions"}],"wp:attachment":[{"href":"https:\/\/blog.skruttet.com\/index.php?rest_route=%2Fwp%2Fv2%2Fmedia&parent=2389"}],"wp:term":[{"taxonomy":"category","embeddable":true,"href":"https:\/\/blog.skruttet.com\/index.php?rest_route=%2Fwp%2Fv2%2Fcategories&post=2389"},{"taxonomy":"post_tag","embeddable":true,"href":"https:\/\/blog.skruttet.com\/index.php?rest_route=%2Fwp%2Fv2%2Ftags&post=2389"}],"curies":[{"name":"wp","href":"https:\/\/api.w.org\/{rel}","templated":true}]}}