{"id":2403,"date":"2011-12-03T13:41:15","date_gmt":"2011-12-03T11:41:15","guid":{"rendered":"http:\/\/bloggen.fi\/skruttet\/?p=2403"},"modified":"2011-12-03T13:41:15","modified_gmt":"2011-12-03T11:41:15","slug":"nar-allt-plotsligt-blir-sarbart","status":"publish","type":"post","link":"https:\/\/blog.skruttet.com\/?p=2403","title":{"rendered":"N\u00e4r allt pl\u00f6tsligt blir s\u00e5rbart&#8230;"},"content":{"rendered":"<p>Jaaa, jag s\u00e4ger d\u00e5 det&#8230; Nu ser man hur s\u00e5rbart allt \u00e4r&#8230;<br \/>\nTur att jag har m\u00e5l i mun \u00a0och kan ryta till n\u00e4r det beh\u00f6vs och tur att man har egna kontakter som faktiskt hj\u00e4lper n\u00e4r n\u00f6den kr\u00e4ver &lt;3<\/p>\n<p>Vilka fantastiska \u00c4nglar det finns!! &lt;3 Tack!!<\/p>\n<p>Samtidigt blir jag orolig&#8230; T\u00e4nk om jag inte skulle vara envis, st\u00e5 p\u00e5 mig och ha f\u00f6rm\u00e5ga att sl\u00e5 foten i marken. Vad skulle det bli till d\u00e5???<\/p>\n<p>Nu \u00e4r iallafall det mest akuta fixat och ganska snart \u00e4r det provisoriskt fixat s\u00e5 att jag slipper p\u00e5 dass ocks\u00e5 \ud83d\ude00<\/p>\n<p>Halleluja!! Va bra!! \ud83d\ude00<\/p>\n<p>I dag den 3 december \u00e4r orden i min fina kalender dessa:<\/p>\n<p style=\"text-align: center\"><em>&#8221;B\u00e4ttre ett rynkigt ansikte \u00e4n en sl\u00e4tstruken mask&#8221;<\/em><\/p>\n<p style=\"text-align: left\"><em><\/em>S\u00e5 sant s\u00e5!!<br \/>\n\u00c4nglakramar!!<\/p>\n","protected":false},"excerpt":{"rendered":"<p>Jaaa, jag s\u00e4ger d\u00e5 det&#8230; Nu ser man hur s\u00e5rbart allt \u00e4r&#8230; Tur att jag har m\u00e5l i mun \u00a0och kan ryta till n\u00e4r det beh\u00f6vs och tur att man har egna kontakter som faktiskt hj\u00e4lper n\u00e4r n\u00f6den kr\u00e4ver &lt;3 &hellip; <a href=\"https:\/\/blog.skruttet.com\/?p=2403\">Forts\u00e4tt l\u00e4sa <span class=\"meta-nav\">&rarr;<\/span><\/a><\/p>\n","protected":false},"author":1,"featured_media":0,"comment_status":"open","ping_status":"open","sticky":false,"template":"","format":"standard","meta":[],"categories":[10,13,15,16],"tags":[],"_links":{"self":[{"href":"https:\/\/blog.skruttet.com\/index.php?rest_route=\/wp\/v2\/posts\/2403"}],"collection":[{"href":"https:\/\/blog.skruttet.com\/index.php?rest_route=\/wp\/v2\/posts"}],"about":[{"href":"https:\/\/blog.skruttet.com\/index.php?rest_route=\/wp\/v2\/types\/post"}],"author":[{"embeddable":true,"href":"https:\/\/blog.skruttet.com\/index.php?rest_route=\/wp\/v2\/users\/1"}],"replies":[{"embeddable":true,"href":"https:\/\/blog.skruttet.com\/index.php?rest_route=%2Fwp%2Fv2%2Fcomments&post=2403"}],"version-history":[{"count":0,"href":"https:\/\/blog.skruttet.com\/index.php?rest_route=\/wp\/v2\/posts\/2403\/revisions"}],"wp:attachment":[{"href":"https:\/\/blog.skruttet.com\/index.php?rest_route=%2Fwp%2Fv2%2Fmedia&parent=2403"}],"wp:term":[{"taxonomy":"category","embeddable":true,"href":"https:\/\/blog.skruttet.com\/index.php?rest_route=%2Fwp%2Fv2%2Fcategories&post=2403"},{"taxonomy":"post_tag","embeddable":true,"href":"https:\/\/blog.skruttet.com\/index.php?rest_route=%2Fwp%2Fv2%2Ftags&post=2403"}],"curies":[{"name":"wp","href":"https:\/\/api.w.org\/{rel}","templated":true}]}}