{"id":2427,"date":"2011-12-05T21:18:38","date_gmt":"2011-12-05T19:18:38","guid":{"rendered":"http:\/\/bloggen.fi\/skruttet\/?p=2427"},"modified":"2011-12-05T21:18:38","modified_gmt":"2011-12-05T19:18:38","slug":"vi-har-varit-i-hela-varlden","status":"publish","type":"post","link":"https:\/\/blog.skruttet.com\/?p=2427","title":{"rendered":"Vi har varit i hela v\u00e4rlden&#8230;"},"content":{"rendered":"<p>Har s\u00e5 sm\u00e5tt, l\u00e5ngsamt &#8211; med yttersta f\u00f6rsiktighet b\u00f6rjat l\u00e4sa mer ing\u00e5ende om olika <a href=\"http:\/\/www.skruttet.com\/blog\/wp-content\/uploads\/2011\/12\/barn_jordglob.jpg\"><img loading=\"lazy\" class=\"alignright size-medium wp-image-2428\" src=\"http:\/\/www.skruttet.com\/blog\/wp-content\/uploads\/2011\/12\/barn_jordglob-300x199.jpg\" alt=\"\" width=\"300\" height=\"199\" srcset=\"https:\/\/blog.skruttet.com\/wp-content\/uploads\/2011\/12\/barn_jordglob-300x199.jpg 300w, https:\/\/blog.skruttet.com\/wp-content\/uploads\/2011\/12\/barn_jordglob-450x300.jpg 450w, https:\/\/blog.skruttet.com\/wp-content\/uploads\/2011\/12\/barn_jordglob.jpg 467w\" sizes=\"(max-width: 300px) 100vw, 300px\" \/><\/a>l\u00e4nders krav n\u00e4r det g\u00e4ller Adoptionen.<br \/>\nVisst har vi l\u00e4st f\u00f6rr ocks\u00e5&#8230; Vi har funderat, undrat och dr\u00f6mt&#8230;. Vi har nog varit &#8221;i hela v\u00e4rlden&#8221; i tanken. K\u00e4nns det som! Och \u00e4nnu flyttas land. Vi har inte p\u00e5 allvar v\u00e5gat fundera p\u00e5 landsfr\u00e5gan, av den enkla och avg\u00f6rande anledning att vi inte vet vilka l\u00e4nder som kan ses som m\u00f6jliga f\u00f6r oss, i och med min medf\u00f6dda funktionsneds\u00e4ttning.<\/p>\n<p>Vi v\u00e4ljer att v\u00e4nta med landsfr\u00e5gan efter att vi f\u00e5tt beskedet fr\u00e5n n\u00e4mnden.<br \/>\nBlir vi godk\u00e4nda &#8211; funderar vi vidare p\u00e5 det \ud83d\ude42<br \/>\nMen visst dr\u00f6mmer, l\u00e4ngtar och v\u00e4ntar vi! Mycket och ofta!<\/p>\n<p>Och i hj\u00e4rtat vilar ett innerligt hopp att vi en dag m\u00f6ter den lilla \u00c4ngel som v\u00e4ntar p\u00e5 att finna en mamma och pappa &#8211; f\u00f6r\u00e4ldrar som oss.<\/p>\n<p>\u00c4nglakramar!!<\/p>\n<p>(googlad bild)<\/p>\n","protected":false},"excerpt":{"rendered":"<p>Har s\u00e5 sm\u00e5tt, l\u00e5ngsamt &#8211; med yttersta f\u00f6rsiktighet b\u00f6rjat l\u00e4sa mer ing\u00e5ende om olika l\u00e4nders krav n\u00e4r det g\u00e4ller Adoptionen. Visst har vi l\u00e4st f\u00f6rr ocks\u00e5&#8230; Vi har funderat, undrat och dr\u00f6mt&#8230;. Vi har nog varit &#8221;i hela v\u00e4rlden&#8221; i &hellip; <a href=\"https:\/\/blog.skruttet.com\/?p=2427\">Forts\u00e4tt l\u00e4sa <span class=\"meta-nav\">&rarr;<\/span><\/a><\/p>\n","protected":false},"author":1,"featured_media":0,"comment_status":"open","ping_status":"open","sticky":false,"template":"","format":"standard","meta":[],"categories":[3,14],"tags":[],"_links":{"self":[{"href":"https:\/\/blog.skruttet.com\/index.php?rest_route=\/wp\/v2\/posts\/2427"}],"collection":[{"href":"https:\/\/blog.skruttet.com\/index.php?rest_route=\/wp\/v2\/posts"}],"about":[{"href":"https:\/\/blog.skruttet.com\/index.php?rest_route=\/wp\/v2\/types\/post"}],"author":[{"embeddable":true,"href":"https:\/\/blog.skruttet.com\/index.php?rest_route=\/wp\/v2\/users\/1"}],"replies":[{"embeddable":true,"href":"https:\/\/blog.skruttet.com\/index.php?rest_route=%2Fwp%2Fv2%2Fcomments&post=2427"}],"version-history":[{"count":0,"href":"https:\/\/blog.skruttet.com\/index.php?rest_route=\/wp\/v2\/posts\/2427\/revisions"}],"wp:attachment":[{"href":"https:\/\/blog.skruttet.com\/index.php?rest_route=%2Fwp%2Fv2%2Fmedia&parent=2427"}],"wp:term":[{"taxonomy":"category","embeddable":true,"href":"https:\/\/blog.skruttet.com\/index.php?rest_route=%2Fwp%2Fv2%2Fcategories&post=2427"},{"taxonomy":"post_tag","embeddable":true,"href":"https:\/\/blog.skruttet.com\/index.php?rest_route=%2Fwp%2Fv2%2Ftags&post=2427"}],"curies":[{"name":"wp","href":"https:\/\/api.w.org\/{rel}","templated":true}]}}