{"id":2433,"date":"2011-12-06T10:38:02","date_gmt":"2011-12-06T08:38:02","guid":{"rendered":"http:\/\/bloggen.fi\/skruttet\/?p=2433"},"modified":"2011-12-06T10:38:02","modified_gmt":"2011-12-06T08:38:02","slug":"6-dec-den-bla-vita-flaggan-vajar","status":"publish","type":"post","link":"https:\/\/blog.skruttet.com\/?p=2433","title":{"rendered":"6 dec: Den bl\u00e5-vita flaggan vajar"},"content":{"rendered":"<p>Denna dag \u00e4r r\u00f6d i almanackan. Folk \u00e4r lediga och de flesta (alla?) butiker \u00e4r st\u00e4ngda.<br \/>\n<a href=\"http:\/\/www.skruttet.com\/blog\/wp-content\/uploads\/2011\/12\/lippu-ja-kynttil\u00e4t.jpg\"><img loading=\"lazy\" class=\"alignright size-medium wp-image-2434\" src=\"http:\/\/www.skruttet.com\/blog\/wp-content\/uploads\/2011\/12\/lippu-ja-kynttil\u00e4t-300x216.jpg\" alt=\"\" width=\"300\" height=\"216\" srcset=\"https:\/\/blog.skruttet.com\/wp-content\/uploads\/2011\/12\/lippu-ja-kynttil\u00e4t-300x216.jpg 300w, https:\/\/blog.skruttet.com\/wp-content\/uploads\/2011\/12\/lippu-ja-kynttil\u00e4t.jpg 400w\" sizes=\"(max-width: 300px) 100vw, 300px\" \/><\/a>Det \u00e4r 6 December &#8211; Finlands Sj\u00e4lvst\u00e4ndighetsdag i dag.<\/p>\n<p>H\u00e4r i \u00c4nglag\u00e5rden uppm\u00e4rksammas det i all enkelhet med att t\u00e4nda bl\u00e5-vita ljus och h\u00e4nga ut den bl\u00e5-vita fasad flaggan p\u00e5 huset. N\u00e5gon bal g\u00e5r vi inte p\u00e5, vad jag vet \ud83d\ude09<\/p>\n<p>Och vad g\u00e4ller h\u00f6jdpunkter i musiken \u00e4r det v\u00e4l knappast n\u00e5gon som gl\u00f6mmer&#8230;.<\/p>\n<p style=\"text-align: center\"><a href=\"http:\/\/www.youtube.com\/watch?v=DwFkGzogFhE&amp;feature=related\" target=\"_blank\">Lordi &#8211; hard rock hallelujah (Eurovison 2006 semi final finland)<\/a><\/p>\n<p style=\"text-align: left\">Eller sportkommentatorn Kunnas extas under:<\/p>\n<p style=\"text-align: center\"><a href=\"http:\/\/www.youtube.com\/watch?v=HZImeWwFMCU\" target=\"_blank\">VM 2011 Finalen: Finland &#8211; Sverige 6-1!!<\/a><\/p>\n","protected":false},"excerpt":{"rendered":"<p>Denna dag \u00e4r r\u00f6d i almanackan. Folk \u00e4r lediga och de flesta (alla?) butiker \u00e4r st\u00e4ngda. Det \u00e4r 6 December &#8211; Finlands Sj\u00e4lvst\u00e4ndighetsdag i dag. H\u00e4r i \u00c4nglag\u00e5rden uppm\u00e4rksammas det i all enkelhet med att t\u00e4nda bl\u00e5-vita ljus och h\u00e4nga &hellip; <a href=\"https:\/\/blog.skruttet.com\/?p=2433\">Forts\u00e4tt l\u00e4sa <span class=\"meta-nav\">&rarr;<\/span><\/a><\/p>\n","protected":false},"author":1,"featured_media":0,"comment_status":"open","ping_status":"open","sticky":false,"template":"","format":"standard","meta":[],"categories":[8,16],"tags":[],"_links":{"self":[{"href":"https:\/\/blog.skruttet.com\/index.php?rest_route=\/wp\/v2\/posts\/2433"}],"collection":[{"href":"https:\/\/blog.skruttet.com\/index.php?rest_route=\/wp\/v2\/posts"}],"about":[{"href":"https:\/\/blog.skruttet.com\/index.php?rest_route=\/wp\/v2\/types\/post"}],"author":[{"embeddable":true,"href":"https:\/\/blog.skruttet.com\/index.php?rest_route=\/wp\/v2\/users\/1"}],"replies":[{"embeddable":true,"href":"https:\/\/blog.skruttet.com\/index.php?rest_route=%2Fwp%2Fv2%2Fcomments&post=2433"}],"version-history":[{"count":0,"href":"https:\/\/blog.skruttet.com\/index.php?rest_route=\/wp\/v2\/posts\/2433\/revisions"}],"wp:attachment":[{"href":"https:\/\/blog.skruttet.com\/index.php?rest_route=%2Fwp%2Fv2%2Fmedia&parent=2433"}],"wp:term":[{"taxonomy":"category","embeddable":true,"href":"https:\/\/blog.skruttet.com\/index.php?rest_route=%2Fwp%2Fv2%2Fcategories&post=2433"},{"taxonomy":"post_tag","embeddable":true,"href":"https:\/\/blog.skruttet.com\/index.php?rest_route=%2Fwp%2Fv2%2Ftags&post=2433"}],"curies":[{"name":"wp","href":"https:\/\/api.w.org\/{rel}","templated":true}]}}