{"id":2452,"date":"2011-12-10T12:40:47","date_gmt":"2011-12-10T10:40:47","guid":{"rendered":"http:\/\/bloggen.fi\/skruttet\/?p=2452"},"modified":"2011-12-10T12:40:47","modified_gmt":"2011-12-10T10:40:47","slug":"aven-det-lilla-har-betydelse","status":"publish","type":"post","link":"https:\/\/blog.skruttet.com\/?p=2452","title":{"rendered":"\u00c4ven det lilla har betydelse :)"},"content":{"rendered":"<p>Fin l\u00f6rdag i dag!<br \/>\n<a href=\"http:\/\/www.skruttet.com\/blog\/wp-content\/uploads\/2011\/12\/Den-inre-resan.jpg\"><img loading=\"lazy\" class=\"alignright size-medium wp-image-2453\" src=\"http:\/\/www.skruttet.com\/blog\/wp-content\/uploads\/2011\/12\/Den-inre-resan-300x225.jpg\" alt=\"\" width=\"300\" height=\"225\" srcset=\"https:\/\/blog.skruttet.com\/wp-content\/uploads\/2011\/12\/Den-inre-resan-300x225.jpg 300w, https:\/\/blog.skruttet.com\/wp-content\/uploads\/2011\/12\/Den-inre-resan-400x300.jpg 400w, https:\/\/blog.skruttet.com\/wp-content\/uploads\/2011\/12\/Den-inre-resan.jpg 500w\" sizes=\"(max-width: 300px) 100vw, 300px\" \/><\/a>Sn\u00f6 har det kommit mera av och &lt;3-\u00c4ngeln har varit ute och skottat.<\/p>\n<p>Det b\u00f6rjar bli riktigt tr\u00e5kigt att sitta med gipsad fot! Ett friskhetstecken??<br \/>\nKliar och sticker under gipset. Under n\u00e4sta vecka kommer en v\u00e5rdande \u00c4ngel och inspekterar min fot igen. Nu b\u00f6rjar bl\u00e5san se riktigt bra ut s\u00e5 kanske det \u00e4r sista granskningen denh\u00e4r g\u00e5ngen? \ud83d\ude42<\/p>\n<p>Vardagen l\u00f6per p\u00e5, f\u00f6rgylls med bes\u00f6k och andra sm\u00e5 trevliga saker. \ud83d\ude42<\/p>\n<p>Gl\u00f6mde \u00f6ppna adventslappen i g\u00e5r, p\u00e5 den l\u00e4ser jag:<\/p>\n<p style=\"text-align: center\"><em>&#8221;\u00c4ven den l\u00e4ngsta resan b\u00f6rjar med ett litet steg&#8221;<\/em><\/p>\n<p style=\"text-align: left\">En bra l\u00f6rdag \u00f6nskar jag er,<br \/>\n\u00c4nglakramar!!<\/p>\n","protected":false},"excerpt":{"rendered":"<p>Fin l\u00f6rdag i dag! Sn\u00f6 har det kommit mera av och &lt;3-\u00c4ngeln har varit ute och skottat. Det b\u00f6rjar bli riktigt tr\u00e5kigt att sitta med gipsad fot! Ett friskhetstecken?? Kliar och sticker under gipset. Under n\u00e4sta vecka kommer en v\u00e5rdande &hellip; <a href=\"https:\/\/blog.skruttet.com\/?p=2452\">Forts\u00e4tt l\u00e4sa <span class=\"meta-nav\">&rarr;<\/span><\/a><\/p>\n","protected":false},"author":1,"featured_media":0,"comment_status":"open","ping_status":"open","sticky":false,"template":"","format":"standard","meta":[],"categories":[10,13,15,16],"tags":[],"_links":{"self":[{"href":"https:\/\/blog.skruttet.com\/index.php?rest_route=\/wp\/v2\/posts\/2452"}],"collection":[{"href":"https:\/\/blog.skruttet.com\/index.php?rest_route=\/wp\/v2\/posts"}],"about":[{"href":"https:\/\/blog.skruttet.com\/index.php?rest_route=\/wp\/v2\/types\/post"}],"author":[{"embeddable":true,"href":"https:\/\/blog.skruttet.com\/index.php?rest_route=\/wp\/v2\/users\/1"}],"replies":[{"embeddable":true,"href":"https:\/\/blog.skruttet.com\/index.php?rest_route=%2Fwp%2Fv2%2Fcomments&post=2452"}],"version-history":[{"count":0,"href":"https:\/\/blog.skruttet.com\/index.php?rest_route=\/wp\/v2\/posts\/2452\/revisions"}],"wp:attachment":[{"href":"https:\/\/blog.skruttet.com\/index.php?rest_route=%2Fwp%2Fv2%2Fmedia&parent=2452"}],"wp:term":[{"taxonomy":"category","embeddable":true,"href":"https:\/\/blog.skruttet.com\/index.php?rest_route=%2Fwp%2Fv2%2Fcategories&post=2452"},{"taxonomy":"post_tag","embeddable":true,"href":"https:\/\/blog.skruttet.com\/index.php?rest_route=%2Fwp%2Fv2%2Ftags&post=2452"}],"curies":[{"name":"wp","href":"https:\/\/api.w.org\/{rel}","templated":true}]}}