{"id":2462,"date":"2011-12-11T16:23:56","date_gmt":"2011-12-11T14:23:56","guid":{"rendered":"http:\/\/bloggen.fi\/skruttet\/?p=2462"},"modified":"2011-12-11T16:23:56","modified_gmt":"2011-12-11T14:23:56","slug":"en-fin-sondag-i-advent","status":"publish","type":"post","link":"https:\/\/blog.skruttet.com\/?p=2462","title":{"rendered":"En fin s\u00f6ndag i advent&#8230;."},"content":{"rendered":"<p><a href=\"http:\/\/www.skruttet.com\/blog\/wp-content\/uploads\/2011\/12\/3advent_177700940.jpg\"><img loading=\"lazy\" class=\"alignright size-medium wp-image-2463\" src=\"http:\/\/www.skruttet.com\/blog\/wp-content\/uploads\/2011\/12\/3advent_177700940-300x199.jpg\" alt=\"\" width=\"300\" height=\"199\" srcset=\"https:\/\/blog.skruttet.com\/wp-content\/uploads\/2011\/12\/3advent_177700940-300x199.jpg 300w, https:\/\/blog.skruttet.com\/wp-content\/uploads\/2011\/12\/3advent_177700940-450x300.jpg 450w, https:\/\/blog.skruttet.com\/wp-content\/uploads\/2011\/12\/3advent_177700940.jpg 500w\" sizes=\"(max-width: 300px) 100vw, 300px\" \/><\/a>Tredje ljuset blev t\u00e4nt i advent i dag. N\u00e4sta helg ska alla fyra brinna.<br \/>\nRedan!! Det har g\u00e5tt undan med ljust\u00e4ndandet i \u00e5r! \ud83d\ude42<\/p>\n<p>En helt vanlig och sk\u00f6n s\u00f6ndag har det hittills varit \ud83d\ude42<br \/>\nNyhetsmorgon p\u00e5 tv, \u00a0en n\u00e5got sen frukost &#8211; i sk\u00f6nt lugn.\u00a0Resten av dagen forts\u00e4tter nog i samma m\u00f6nster och kv\u00e4llen bjuder p\u00e5 en mysig te stund i s\u00e4llskap av Kommissarie Martin Beck och hans kolleger.<br \/>\nS\u00e4mre kan man ha det! \ud83d\ude09<\/p>\n<p>Och dagens ord under lucka nr 11 s\u00e4ger att:<\/p>\n<p style=\"text-align: center\"><em>&#8221;Du f\u00f6rlorar egentligen aldrig, f\u00f6rr\u00e4n du slutar f\u00f6rs\u00f6ka&#8221;<\/em><\/p>\n<p style=\"text-align: left\">Lika sant som AMEN i kyrkan \u00e4r det!<br \/>\nHa en fin forts\u00e4ttning p\u00e5 dagen,<br \/>\n\u00c4nglakramar!!<\/p>\n","protected":false},"excerpt":{"rendered":"<p>Tredje ljuset blev t\u00e4nt i advent i dag. N\u00e4sta helg ska alla fyra brinna. Redan!! Det har g\u00e5tt undan med ljust\u00e4ndandet i \u00e5r! \ud83d\ude42 En helt vanlig och sk\u00f6n s\u00f6ndag har det hittills varit \ud83d\ude42 Nyhetsmorgon p\u00e5 tv, \u00a0en n\u00e5got &hellip; <a href=\"https:\/\/blog.skruttet.com\/?p=2462\">Forts\u00e4tt l\u00e4sa <span class=\"meta-nav\">&rarr;<\/span><\/a><\/p>\n","protected":false},"author":1,"featured_media":0,"comment_status":"open","ping_status":"open","sticky":false,"template":"","format":"standard","meta":[],"categories":[10,15,16],"tags":[],"_links":{"self":[{"href":"https:\/\/blog.skruttet.com\/index.php?rest_route=\/wp\/v2\/posts\/2462"}],"collection":[{"href":"https:\/\/blog.skruttet.com\/index.php?rest_route=\/wp\/v2\/posts"}],"about":[{"href":"https:\/\/blog.skruttet.com\/index.php?rest_route=\/wp\/v2\/types\/post"}],"author":[{"embeddable":true,"href":"https:\/\/blog.skruttet.com\/index.php?rest_route=\/wp\/v2\/users\/1"}],"replies":[{"embeddable":true,"href":"https:\/\/blog.skruttet.com\/index.php?rest_route=%2Fwp%2Fv2%2Fcomments&post=2462"}],"version-history":[{"count":0,"href":"https:\/\/blog.skruttet.com\/index.php?rest_route=\/wp\/v2\/posts\/2462\/revisions"}],"wp:attachment":[{"href":"https:\/\/blog.skruttet.com\/index.php?rest_route=%2Fwp%2Fv2%2Fmedia&parent=2462"}],"wp:term":[{"taxonomy":"category","embeddable":true,"href":"https:\/\/blog.skruttet.com\/index.php?rest_route=%2Fwp%2Fv2%2Fcategories&post=2462"},{"taxonomy":"post_tag","embeddable":true,"href":"https:\/\/blog.skruttet.com\/index.php?rest_route=%2Fwp%2Fv2%2Ftags&post=2462"}],"curies":[{"name":"wp","href":"https:\/\/api.w.org\/{rel}","templated":true}]}}