{"id":2498,"date":"2011-12-18T17:02:20","date_gmt":"2011-12-18T15:02:20","guid":{"rendered":"http:\/\/bloggen.fi\/skruttet\/?p=2498"},"modified":"2011-12-18T17:02:20","modified_gmt":"2011-12-18T15:02:20","slug":"nastan-lika-god","status":"publish","type":"post","link":"https:\/\/blog.skruttet.com\/?p=2498","title":{"rendered":"N\u00e4stan lika god&#8230;.."},"content":{"rendered":"<p>S\u00f6ndag och i morse t\u00e4ndes det fj\u00e4rde ljuset i adventsstaken.<br \/>\n<a href=\"http:\/\/www.skruttet.com\/blog\/wp-content\/uploads\/2011\/12\/4advent.jpg\"><img loading=\"lazy\" class=\"alignright size-full wp-image-2499\" src=\"http:\/\/www.skruttet.com\/blog\/wp-content\/uploads\/2011\/12\/4advent.jpg\" alt=\"\" width=\"230\" height=\"240\" \/><\/a>Nedr\u00e4kningen till julafton har b\u00f6rjat p\u00e5 allvar.<\/p>\n<p>Jag minns hur jag i barndomen v\u00e4ntade p\u00e5 den stora dagen, hur klappg\u00f6mmor hittades och hur det nyfiket kl\u00e4mdes och trycktes p\u00e5 de fint inslagna g\u00e5vorna \ud83d\ude09 \u00a0Med sp\u00e4nning f\u00f6ljdes d\u00e5tidens fina julkalendrar!<\/p>\n<p>Med \u00e5ren minskade betydelsen av de fint inslagna g\u00e5vorna. Jag tyckte \/ tycker att det \u00e4r roligare att ge \u00e4n att f\u00e5. Julkalendern var n\u00e5got som helt gl\u00f6mdes..<\/p>\n<p>Och med \u00e5ren v\u00e4xte betydelsen av doften av pepparkaka, mammas enormt goda julskinka och\u00a0Kalle Anka med det magiska julljuset som t\u00e4ndes \u00e5r efter \u00e5r av Weise i svensk tv.<br \/>\nDen \u00a0utdragna julmiddagen som i barndomen var tr\u00e5kig och on\u00f6dig &#8211; jag v\u00e4ntade ju bara p\u00e5 tomten &#8211; \u00a0har med \u00e5ren blivit en h\u00f6jdpunkt.<\/p>\n<p>En h\u00f6jdpunkt med l\u00e5dor, korv, k\u00f6ttbullar, potatis och sallader \ud83d\ude00<br \/>\nSkinkan inte att f\u00f6rgl\u00f6mma! I fjol lagade lagade jag min f\u00f6rsta julskinka n\u00e5gonsin.<br \/>\nLyckad blev den och n\u00e4stan lika god som mammas &#8211; men bara n\u00e4stan \ud83d\ude00<\/p>\n<p>Nu blev jag ju hungrig :p<br \/>\n\u00c4nglakramar!!<\/p>\n<p style=\"text-align: center\"><a href=\"http:\/\/www.youtube.com\/watch?v=Lr78uAaDMUM\" target=\"_blank\">Albert och Herbert &#8211; Julkalender<\/a><\/p>\n<p style=\"text-align: center\">&nbsp;<\/p>\n","protected":false},"excerpt":{"rendered":"<p>S\u00f6ndag och i morse t\u00e4ndes det fj\u00e4rde ljuset i adventsstaken. Nedr\u00e4kningen till julafton har b\u00f6rjat p\u00e5 allvar. Jag minns hur jag i barndomen v\u00e4ntade p\u00e5 den stora dagen, hur klappg\u00f6mmor hittades och hur det nyfiket kl\u00e4mdes och trycktes p\u00e5 de &hellip; <a href=\"https:\/\/blog.skruttet.com\/?p=2498\">Forts\u00e4tt l\u00e4sa <span class=\"meta-nav\">&rarr;<\/span><\/a><\/p>\n","protected":false},"author":1,"featured_media":0,"comment_status":"open","ping_status":"open","sticky":false,"template":"","format":"standard","meta":[],"categories":[8,16],"tags":[],"_links":{"self":[{"href":"https:\/\/blog.skruttet.com\/index.php?rest_route=\/wp\/v2\/posts\/2498"}],"collection":[{"href":"https:\/\/blog.skruttet.com\/index.php?rest_route=\/wp\/v2\/posts"}],"about":[{"href":"https:\/\/blog.skruttet.com\/index.php?rest_route=\/wp\/v2\/types\/post"}],"author":[{"embeddable":true,"href":"https:\/\/blog.skruttet.com\/index.php?rest_route=\/wp\/v2\/users\/1"}],"replies":[{"embeddable":true,"href":"https:\/\/blog.skruttet.com\/index.php?rest_route=%2Fwp%2Fv2%2Fcomments&post=2498"}],"version-history":[{"count":0,"href":"https:\/\/blog.skruttet.com\/index.php?rest_route=\/wp\/v2\/posts\/2498\/revisions"}],"wp:attachment":[{"href":"https:\/\/blog.skruttet.com\/index.php?rest_route=%2Fwp%2Fv2%2Fmedia&parent=2498"}],"wp:term":[{"taxonomy":"category","embeddable":true,"href":"https:\/\/blog.skruttet.com\/index.php?rest_route=%2Fwp%2Fv2%2Fcategories&post=2498"},{"taxonomy":"post_tag","embeddable":true,"href":"https:\/\/blog.skruttet.com\/index.php?rest_route=%2Fwp%2Fv2%2Ftags&post=2498"}],"curies":[{"name":"wp","href":"https:\/\/api.w.org\/{rel}","templated":true}]}}