{"id":2518,"date":"2011-12-20T16:31:06","date_gmt":"2011-12-20T14:31:06","guid":{"rendered":"http:\/\/bloggen.fi\/skruttet\/?p=2518"},"modified":"2011-12-20T16:31:06","modified_gmt":"2011-12-20T14:31:06","slug":"3-dar-fore-jul","status":"publish","type":"post","link":"https:\/\/blog.skruttet.com\/?p=2518","title":{"rendered":"3 dar f\u00f6re jul&#8230;."},"content":{"rendered":"<p>M\u00f6rkret faller p\u00e5 utsidan, redan!<br \/>\nMen redan i morgon v\u00e4nder det och vi g\u00e5r mot ljusare tider igen \ud83d\ude42<br \/>\n&lt;3-\u00c4ngeln klev just innanf\u00f6r d\u00f6rren efter att ha utr\u00e4ttat n\u00e5gra \u00e4renden.<br \/>\nBeh\u00f6vligt med egen tid, men NOG var det roligt n\u00e4r han nyss kom hem \ud83d\ude00 &lt;3<\/p>\n<p><a href=\"http:\/\/www.skruttet.com\/blog\/wp-content\/uploads\/2011\/12\/Barnhand-vuxen-tumme.jpg\"><img loading=\"lazy\" class=\"alignright size-full wp-image-2520\" src=\"http:\/\/www.skruttet.com\/blog\/wp-content\/uploads\/2011\/12\/Barnhand-vuxen-tumme.jpg\" alt=\"\" width=\"260\" height=\"173\" \/><\/a>Telefonen har g\u00e5tt varm \u00e4ven i dag men h\u00e4danefter tror jag nog att vardagen kommer att l\u00f6pa p\u00e5 fint \ud83d\ude00 Finaly!!<br \/>\nNu n\u00e4r det snart \u00e4r dags att ta bort gipset.<br \/>\nSkam den som ger sig!<br \/>\nI morgon inleds gipsvecka 6. Just 2 to go!!<br \/>\nHaha, det ser ut som om jag skulle r\u00e4kna graviditetsveckor \ud83d\ude00<\/p>\n<p>Och jag ber till gudarna att allt ska vara bra n\u00e4r foten r\u00f6ntgas inf\u00f6r avgipsningen!<br \/>\nJag ber om att alla skruvar, spikar och brickor sitter d\u00e4r de ska.<br \/>\nOch jag ber om att det har v\u00e4xt i hop r\u00e4tt!<\/p>\n<p>Jag ber, jag ber, jag ber&#8230;.<br \/>\nVill inte ha n\u00e5tt kr\u00e5ngel! Det vill v\u00e4l ingen \ud83d\ude42<\/p>\n<p>Ha en fortsatt fin tisdag,<br \/>\n\u00c4nglakramar!!<\/p>\n","protected":false},"excerpt":{"rendered":"<p>M\u00f6rkret faller p\u00e5 utsidan, redan! Men redan i morgon v\u00e4nder det och vi g\u00e5r mot ljusare tider igen \ud83d\ude42 &lt;3-\u00c4ngeln klev just innanf\u00f6r d\u00f6rren efter att ha utr\u00e4ttat n\u00e5gra \u00e4renden. Beh\u00f6vligt med egen tid, men NOG var det roligt n\u00e4r &hellip; <a href=\"https:\/\/blog.skruttet.com\/?p=2518\">Forts\u00e4tt l\u00e4sa <span class=\"meta-nav\">&rarr;<\/span><\/a><\/p>\n","protected":false},"author":1,"featured_media":0,"comment_status":"open","ping_status":"closed","sticky":false,"template":"","format":"standard","meta":[],"categories":[13,16],"tags":[],"_links":{"self":[{"href":"https:\/\/blog.skruttet.com\/index.php?rest_route=\/wp\/v2\/posts\/2518"}],"collection":[{"href":"https:\/\/blog.skruttet.com\/index.php?rest_route=\/wp\/v2\/posts"}],"about":[{"href":"https:\/\/blog.skruttet.com\/index.php?rest_route=\/wp\/v2\/types\/post"}],"author":[{"embeddable":true,"href":"https:\/\/blog.skruttet.com\/index.php?rest_route=\/wp\/v2\/users\/1"}],"replies":[{"embeddable":true,"href":"https:\/\/blog.skruttet.com\/index.php?rest_route=%2Fwp%2Fv2%2Fcomments&post=2518"}],"version-history":[{"count":0,"href":"https:\/\/blog.skruttet.com\/index.php?rest_route=\/wp\/v2\/posts\/2518\/revisions"}],"wp:attachment":[{"href":"https:\/\/blog.skruttet.com\/index.php?rest_route=%2Fwp%2Fv2%2Fmedia&parent=2518"}],"wp:term":[{"taxonomy":"category","embeddable":true,"href":"https:\/\/blog.skruttet.com\/index.php?rest_route=%2Fwp%2Fv2%2Fcategories&post=2518"},{"taxonomy":"post_tag","embeddable":true,"href":"https:\/\/blog.skruttet.com\/index.php?rest_route=%2Fwp%2Fv2%2Ftags&post=2518"}],"curies":[{"name":"wp","href":"https:\/\/api.w.org\/{rel}","templated":true}]}}