{"id":2529,"date":"2011-12-21T08:41:31","date_gmt":"2011-12-21T06:41:31","guid":{"rendered":"http:\/\/bloggen.fi\/skruttet\/?p=2529"},"modified":"2011-12-21T08:41:31","modified_gmt":"2011-12-21T06:41:31","slug":"onsdagsfunderingar","status":"publish","type":"post","link":"https:\/\/blog.skruttet.com\/?p=2529","title":{"rendered":"Onsdagsfunderingar&#8230;"},"content":{"rendered":"<p><a href=\"http:\/\/www.skruttet.com\/blog\/wp-content\/uploads\/2011\/12\/julboll1.jpg\"><img loading=\"lazy\" class=\"alignright size-medium wp-image-2531\" src=\"http:\/\/www.skruttet.com\/blog\/wp-content\/uploads\/2011\/12\/julboll1-211x300.jpg\" alt=\"\" width=\"211\" height=\"300\" srcset=\"https:\/\/blog.skruttet.com\/wp-content\/uploads\/2011\/12\/julboll1-211x300.jpg 211w, https:\/\/blog.skruttet.com\/wp-content\/uploads\/2011\/12\/julboll1.jpg 280w\" sizes=\"(max-width: 211px) 100vw, 211px\" \/><\/a>Det n\u00e4rmar sig dopparedagen med stormsteg.<br \/>\nJulkorten droppar in&#8230; Det \u00e4r julkort med tomtar och andra julmotiv&#8230;\u00a0S\u00e5 finns julkorten med bild p\u00e5 barnen&#8230; Det kan inte hj\u00e4lpas, men de g\u00f6r ont! \u00c4ven om jag VET att korten \u00e4r v\u00e4lmenat s\u00e4nda!!<\/p>\n<p>Jag unnar andra familjelycka! Det g\u00f6r jag av hela mitt hj\u00e4rta!!\u00a0Och det skulle vara trevligt att se hela familjen samlad p\u00e5 dessa kort &lt;3<\/p>\n<p>Men en generell undran: Varifr\u00e5n kommer denna tradition med kort p\u00e5 familjens barn, kl\u00e4dda i luva?? \u00a0Den k\u00e4nns inte speciellt trevlig f\u00f6r n\u00e4rvarande&#8230;.<\/p>\n<p>Annat \u00e4r det ju f\u00f6rst\u00e5s om man \u00e4r sammanl\u00e4nkad med <em>barnen<\/em> p\u00e5 n\u00e5got s\u00e4tt, i form av fadder eller likande \ud83d\ude42<\/p>\n<p>\u00c4nglakramar!!<\/p>\n","protected":false},"excerpt":{"rendered":"<p>Det n\u00e4rmar sig dopparedagen med stormsteg. Julkorten droppar in&#8230; Det \u00e4r julkort med tomtar och andra julmotiv&#8230;\u00a0S\u00e5 finns julkorten med bild p\u00e5 barnen&#8230; Det kan inte hj\u00e4lpas, men de g\u00f6r ont! \u00c4ven om jag VET att korten \u00e4r v\u00e4lmenat s\u00e4nda!! &hellip; <a href=\"https:\/\/blog.skruttet.com\/?p=2529\">Forts\u00e4tt l\u00e4sa <span class=\"meta-nav\">&rarr;<\/span><\/a><\/p>\n","protected":false},"author":1,"featured_media":0,"comment_status":"open","ping_status":"closed","sticky":false,"template":"","format":"standard","meta":[],"categories":[3,14,16],"tags":[],"_links":{"self":[{"href":"https:\/\/blog.skruttet.com\/index.php?rest_route=\/wp\/v2\/posts\/2529"}],"collection":[{"href":"https:\/\/blog.skruttet.com\/index.php?rest_route=\/wp\/v2\/posts"}],"about":[{"href":"https:\/\/blog.skruttet.com\/index.php?rest_route=\/wp\/v2\/types\/post"}],"author":[{"embeddable":true,"href":"https:\/\/blog.skruttet.com\/index.php?rest_route=\/wp\/v2\/users\/1"}],"replies":[{"embeddable":true,"href":"https:\/\/blog.skruttet.com\/index.php?rest_route=%2Fwp%2Fv2%2Fcomments&post=2529"}],"version-history":[{"count":0,"href":"https:\/\/blog.skruttet.com\/index.php?rest_route=\/wp\/v2\/posts\/2529\/revisions"}],"wp:attachment":[{"href":"https:\/\/blog.skruttet.com\/index.php?rest_route=%2Fwp%2Fv2%2Fmedia&parent=2529"}],"wp:term":[{"taxonomy":"category","embeddable":true,"href":"https:\/\/blog.skruttet.com\/index.php?rest_route=%2Fwp%2Fv2%2Fcategories&post=2529"},{"taxonomy":"post_tag","embeddable":true,"href":"https:\/\/blog.skruttet.com\/index.php?rest_route=%2Fwp%2Fv2%2Ftags&post=2529"}],"curies":[{"name":"wp","href":"https:\/\/api.w.org\/{rel}","templated":true}]}}