{"id":2543,"date":"2011-12-22T11:19:06","date_gmt":"2011-12-22T09:19:06","guid":{"rendered":"http:\/\/bloggen.fi\/skruttet\/?p=2543"},"modified":"2011-12-22T11:19:06","modified_gmt":"2011-12-22T09:19:06","slug":"som-jag-langtar","status":"publish","type":"post","link":"https:\/\/blog.skruttet.com\/?p=2543","title":{"rendered":"Som jag l\u00e4ngtar&#8230;."},"content":{"rendered":"<p>Allt v\u00e4l h\u00e4r \u00e4ven i dag \ud83d\ude42<br \/>\nDet har sn\u00f6at i natt. Ser ut att komma lite fortfarande!<br \/>\nJulk\u00e4nslan infinner sig sakta igen efter en tids fr\u00e5nvaro.<\/p>\n<p><a href=\"http:\/\/www.skruttet.com\/blog\/wp-content\/uploads\/2011\/12\/fazerbla.jpg\"><img loading=\"lazy\" class=\"alignright size-full wp-image-2544\" src=\"http:\/\/www.skruttet.com\/blog\/wp-content\/uploads\/2011\/12\/fazerbla.jpg\" alt=\"\" width=\"259\" height=\"194\" \/><\/a>Ska bli mysigt med lite uppbrott fr\u00e5n vardagen.<br \/>\nJultiden k\u00e4nns v\u00e4lkommen nu \u00a0med samvaro, bes\u00f6k och mat!<br \/>\nF\u00f6rmodligen kommer jag att \u00e4ta mig lika spr\u00e4ngfylld som vanligt.<br \/>\nKonstigt hur man varje \u00e5r proppar i sig &#8211; som om man aldrig skulle sett mat f\u00f6rr \ud83d\ude00<br \/>\nOch chokladen (l\u00e5dorna man alltid brukar f\u00e5 n\u00e5gon\/n\u00e5gra av) l\u00e4ngtar jag faktiskt efter!<br \/>\nKan man t\u00e4nka!!<\/p>\n<p>Vi \u00e4r ett lyckligt folk som har mat p\u00e5 bordet \u2665 De finns de som inte kan \u00e4ta sig m\u00e4tta&#8230; N\u00e5got att minnas i jul \u2665<\/p>\n<p>Kollar nyfiket posten varje dag nu&#8230; Tiden f\u00f6r avgipsning borde komma n\u00e4r som helst nu!!<br \/>\nSom jag l\u00e4ngtar!! Nu b\u00f6rjar det r\u00e4cka &#8211; finheten b\u00f6rjar k\u00e4nnas hel \ud83d\ude00<\/p>\n<p style=\"text-align: center\"><a href=\"http:\/\/www.youtube.com\/watch?v=HG457aiDNVI&amp;feature=related\" target=\"_blank\">Sissel &amp; K\u00f6rberg &#8211; L\u00e5t Julen f\u00f6rkunna<\/a><\/p>\n","protected":false},"excerpt":{"rendered":"<p>Allt v\u00e4l h\u00e4r \u00e4ven i dag \ud83d\ude42 Det har sn\u00f6at i natt. Ser ut att komma lite fortfarande! Julk\u00e4nslan infinner sig sakta igen efter en tids fr\u00e5nvaro. Ska bli mysigt med lite uppbrott fr\u00e5n vardagen. Jultiden k\u00e4nns v\u00e4lkommen nu \u00a0med &hellip; <a href=\"https:\/\/blog.skruttet.com\/?p=2543\">Forts\u00e4tt l\u00e4sa <span class=\"meta-nav\">&rarr;<\/span><\/a><\/p>\n","protected":false},"author":1,"featured_media":0,"comment_status":"open","ping_status":"closed","sticky":false,"template":"","format":"standard","meta":[],"categories":[8,10,13,16],"tags":[],"_links":{"self":[{"href":"https:\/\/blog.skruttet.com\/index.php?rest_route=\/wp\/v2\/posts\/2543"}],"collection":[{"href":"https:\/\/blog.skruttet.com\/index.php?rest_route=\/wp\/v2\/posts"}],"about":[{"href":"https:\/\/blog.skruttet.com\/index.php?rest_route=\/wp\/v2\/types\/post"}],"author":[{"embeddable":true,"href":"https:\/\/blog.skruttet.com\/index.php?rest_route=\/wp\/v2\/users\/1"}],"replies":[{"embeddable":true,"href":"https:\/\/blog.skruttet.com\/index.php?rest_route=%2Fwp%2Fv2%2Fcomments&post=2543"}],"version-history":[{"count":0,"href":"https:\/\/blog.skruttet.com\/index.php?rest_route=\/wp\/v2\/posts\/2543\/revisions"}],"wp:attachment":[{"href":"https:\/\/blog.skruttet.com\/index.php?rest_route=%2Fwp%2Fv2%2Fmedia&parent=2543"}],"wp:term":[{"taxonomy":"category","embeddable":true,"href":"https:\/\/blog.skruttet.com\/index.php?rest_route=%2Fwp%2Fv2%2Fcategories&post=2543"},{"taxonomy":"post_tag","embeddable":true,"href":"https:\/\/blog.skruttet.com\/index.php?rest_route=%2Fwp%2Fv2%2Ftags&post=2543"}],"curies":[{"name":"wp","href":"https:\/\/api.w.org\/{rel}","templated":true}]}}