{"id":2547,"date":"2011-12-23T10:28:07","date_gmt":"2011-12-23T08:28:07","guid":{"rendered":"http:\/\/bloggen.fi\/skruttet\/?p=2547"},"modified":"2011-12-23T10:28:07","modified_gmt":"2011-12-23T08:28:07","slug":"granen-star-sa-gron","status":"publish","type":"post","link":"https:\/\/blog.skruttet.com\/?p=2547","title":{"rendered":"Granen st\u00e5r s\u00e5 gr\u00f6n&#8230;."},"content":{"rendered":"<p>Godmorgon p\u00e5 er!<br \/>\nHum\u00f6ret \u00e4r inte det b\u00e4sta i dag, vaknade p\u00e5 fel sida.<br \/>\n<a href=\"http:\/\/www.skruttet.com\/blog\/wp-content\/uploads\/2011\/12\/tomte_1151077404_2501424.gif\"><img loading=\"lazy\" class=\"alignright size-medium wp-image-2548\" src=\"http:\/\/www.skruttet.com\/blog\/wp-content\/uploads\/2011\/12\/tomte_1151077404_2501424-300x296.gif\" alt=\"\" width=\"300\" height=\"296\" srcset=\"https:\/\/blog.skruttet.com\/wp-content\/uploads\/2011\/12\/tomte_1151077404_2501424-300x296.gif 300w, https:\/\/blog.skruttet.com\/wp-content\/uploads\/2011\/12\/tomte_1151077404_2501424-303x300.gif 303w, https:\/\/blog.skruttet.com\/wp-content\/uploads\/2011\/12\/tomte_1151077404_2501424.gif 400w\" sizes=\"(max-width: 300px) 100vw, 300px\" \/><\/a>Men allt blir s\u00e4kert b\u00e4ttre ut\u00e5t dagen, d\u00e5 granen kl\u00e4s \ud83d\ude00<br \/>\nOch i kv\u00e4ll myser vi med uppesittarkv\u00e4ll, gl\u00f6gg, kl\u00e4dd julgran och eld i spisen. \ud83d\ude09 N\u00e5gon julbastu blir det inte f\u00f6r min del i \u00e5r. Och kn\u00e4ck kokar vi heller ingen.<\/p>\n<p>Bakom luckan idag, dan f\u00f6re dopparedan l\u00e4ser jag:<\/p>\n<p style=\"text-align: center\"><em>&#8221;Jag brukade f\u00f6rr fundera p\u00e5 meningen med livet<br \/>\n&#8211; nu k\u00e4nns det som att leva \u00e4r sk\u00e4l nog&#8221; <\/em><\/p>\n<p style=\"text-align: left\">En fin dag \u00f6nskar jag er alla,<br \/>\n\u00c4nglakramar!!<\/p>\n","protected":false},"excerpt":{"rendered":"<p>Godmorgon p\u00e5 er! Hum\u00f6ret \u00e4r inte det b\u00e4sta i dag, vaknade p\u00e5 fel sida. Men allt blir s\u00e4kert b\u00e4ttre ut\u00e5t dagen, d\u00e5 granen kl\u00e4s \ud83d\ude00 Och i kv\u00e4ll myser vi med uppesittarkv\u00e4ll, gl\u00f6gg, kl\u00e4dd julgran och eld i spisen. \ud83d\ude09 &hellip; <a href=\"https:\/\/blog.skruttet.com\/?p=2547\">Forts\u00e4tt l\u00e4sa <span class=\"meta-nav\">&rarr;<\/span><\/a><\/p>\n","protected":false},"author":1,"featured_media":0,"comment_status":"open","ping_status":"closed","sticky":false,"template":"","format":"standard","meta":[],"categories":[15,16],"tags":[],"_links":{"self":[{"href":"https:\/\/blog.skruttet.com\/index.php?rest_route=\/wp\/v2\/posts\/2547"}],"collection":[{"href":"https:\/\/blog.skruttet.com\/index.php?rest_route=\/wp\/v2\/posts"}],"about":[{"href":"https:\/\/blog.skruttet.com\/index.php?rest_route=\/wp\/v2\/types\/post"}],"author":[{"embeddable":true,"href":"https:\/\/blog.skruttet.com\/index.php?rest_route=\/wp\/v2\/users\/1"}],"replies":[{"embeddable":true,"href":"https:\/\/blog.skruttet.com\/index.php?rest_route=%2Fwp%2Fv2%2Fcomments&post=2547"}],"version-history":[{"count":0,"href":"https:\/\/blog.skruttet.com\/index.php?rest_route=\/wp\/v2\/posts\/2547\/revisions"}],"wp:attachment":[{"href":"https:\/\/blog.skruttet.com\/index.php?rest_route=%2Fwp%2Fv2%2Fmedia&parent=2547"}],"wp:term":[{"taxonomy":"category","embeddable":true,"href":"https:\/\/blog.skruttet.com\/index.php?rest_route=%2Fwp%2Fv2%2Fcategories&post=2547"},{"taxonomy":"post_tag","embeddable":true,"href":"https:\/\/blog.skruttet.com\/index.php?rest_route=%2Fwp%2Fv2%2Ftags&post=2547"}],"curies":[{"name":"wp","href":"https:\/\/api.w.org\/{rel}","templated":true}]}}