{"id":255,"date":"2007-05-12T14:39:15","date_gmt":"2007-05-12T12:39:15","guid":{"rendered":"http:\/\/tankar-i-huvudet"},"modified":"2007-05-12T14:39:15","modified_gmt":"2007-05-12T12:39:15","slug":"tankar-i-huvudet","status":"publish","type":"post","link":"https:\/\/blog.skruttet.com\/?p=255","title":{"rendered":"Tankar i huvudet&#8230;.."},"content":{"rendered":"<div>Mitt inre \u00e4r fullt med positiva tankar, g\u00e5rdagens tr\u00e4ff med mina \u00e4nglav\u00e4nner var \u00f6verv\u00e4digande&#8230; S\u00e5 mycket k\u00e4nslor, s\u00e5&nbsp;mycket tankar som blev till ord! Mitt inre fylls i dag av en k\u00e4nsla som&nbsp;jag inte&nbsp;haft p\u00e5 l\u00e4nge. En k\u00e4nsla av att ha en helt inre&#8230;. Jag \u00e4r mycket LYCKLIG! De sista pusselbitarna har fallit p\u00e5 plats och jag kan nu se tillbaka p\u00e5 den jobbiga tid som varit p\u00e5 ett helt annat s\u00e4tt. Trots allt det jobbiga som varit, alla bakslag som ett efter ett har kommit, s\u00e5 har jag f\u00f6rs\u00f6kt se positivt p\u00e5 tillvaron med tron att: Det v\u00e4nder n\u00e5ng\u00e5ng&#8230;. Om jag k\u00e4mpar och biter ihop bara lite till s\u00e5 kommer nog v\u00e4ndningen snart!!! <\/div>\n<div>Under v\u00e4gen tillbaka har jag&nbsp;gr\u00e5tit m\u00e5nga g\u00e5nger, slitit mig i h\u00e5ret, legat s\u00f6mnl\u00f6s och tyckt att livet varit s\u00e5 vansinnigt or\u00e4ttvist s\u00e5&nbsp; jag har varit p\u00e5v\u00e4g att ge upp m\u00e5nga g\u00e5nger&#8230;. Men n\u00e5gonstans fanns alltid n\u00e5got som sa: Skruttet, ge inte upp! Allt k\u00e4mpnde, alla t\u00e5rar, alla bakslag kommer att betala i slutandan&#8230; Det kommer att bli bra!!!!<\/div>\n<div>&nbsp;<\/div>\n<div>&nbsp;I dag k\u00e4nns det som om jag st\u00e4nger den sista knarrande grinden p\u00e5 min v\u00e4g tillbaka&#8230;. I dag k\u00e4nns det som om jag \u00e4r framme vid mitt m\u00e5l&#8230;. I dag \u00e4r jag den jag vill vara&#8230; I dag \u00e4r jag lycklig! Med en k\u00e4nsla att jag duger som jag \u00e4r \ud83d\ude42<\/div>\n<div>&nbsp;<\/div>\n<div>Hittade en l\u00e5t som jag vill ha har p\u00e5 min blogg, en l\u00e5t som p\u00e5minner mig om den jag vill vara!!! Detta&nbsp;\u00e4r tankarna i mitt huvud en solig l\u00f6rdag som denna \ud83d\ude42<\/div>\n<div>Tusen och \u00e5ter tusen \u00e4nglakramar!!<\/div>\n<div>&nbsp;<\/div>\n<div>Celine Dion &#8211; I\u00b4m&nbsp;Your Angel&nbsp;<\/div>\n<div>&nbsp;<\/div>\n","protected":false},"excerpt":{"rendered":"<p>Mitt inre \u00e4r fullt med positiva tankar, g\u00e5rdagens tr\u00e4ff med mina \u00e4nglav\u00e4nner var \u00f6verv\u00e4digande&#8230; S\u00e5 mycket k\u00e4nslor, s\u00e5&nbsp;mycket tankar som blev till ord! Mitt inre fylls i dag av en k\u00e4nsla som&nbsp;jag inte&nbsp;haft p\u00e5 l\u00e4nge. En k\u00e4nsla av att ha &hellip; <a href=\"https:\/\/blog.skruttet.com\/?p=255\">Forts\u00e4tt l\u00e4sa <span class=\"meta-nav\">&rarr;<\/span><\/a><\/p>\n","protected":false},"author":1,"featured_media":0,"comment_status":"open","ping_status":"open","sticky":false,"template":"","format":"standard","meta":[],"categories":[10],"tags":[],"_links":{"self":[{"href":"https:\/\/blog.skruttet.com\/index.php?rest_route=\/wp\/v2\/posts\/255"}],"collection":[{"href":"https:\/\/blog.skruttet.com\/index.php?rest_route=\/wp\/v2\/posts"}],"about":[{"href":"https:\/\/blog.skruttet.com\/index.php?rest_route=\/wp\/v2\/types\/post"}],"author":[{"embeddable":true,"href":"https:\/\/blog.skruttet.com\/index.php?rest_route=\/wp\/v2\/users\/1"}],"replies":[{"embeddable":true,"href":"https:\/\/blog.skruttet.com\/index.php?rest_route=%2Fwp%2Fv2%2Fcomments&post=255"}],"version-history":[{"count":0,"href":"https:\/\/blog.skruttet.com\/index.php?rest_route=\/wp\/v2\/posts\/255\/revisions"}],"wp:attachment":[{"href":"https:\/\/blog.skruttet.com\/index.php?rest_route=%2Fwp%2Fv2%2Fmedia&parent=255"}],"wp:term":[{"taxonomy":"category","embeddable":true,"href":"https:\/\/blog.skruttet.com\/index.php?rest_route=%2Fwp%2Fv2%2Fcategories&post=255"},{"taxonomy":"post_tag","embeddable":true,"href":"https:\/\/blog.skruttet.com\/index.php?rest_route=%2Fwp%2Fv2%2Ftags&post=255"}],"curies":[{"name":"wp","href":"https:\/\/api.w.org\/{rel}","templated":true}]}}